{"id":15713,"date":"2024-07-01T23:28:05","date_gmt":"2024-07-01T20:28:05","guid":{"rendered":"https:\/\/www.urfabugun.com\/?p=15713"},"modified":"2024-07-01T23:28:12","modified_gmt":"2024-07-01T20:28:12","slug":"cevre-sehircilik-ve-iklim-degisikligi-bakani-ozhaseki-gorevinden-affini-istedi","status":"publish","type":"post","link":"https:\/\/www.urfabugun.com\/index.php\/2024\/07\/01\/cevre-sehircilik-ve-iklim-degisikligi-bakani-ozhaseki-gorevinden-affini-istedi\/","title":{"rendered":"\u00c7evre, \u015eehircilik ve \u0130klim De\u011fi\u015fikli\u011fi Bakan\u0131 \u00d6zhaseki, G\u00f6revinden Aff\u0131n\u0131 \u0130stedi!"},"content":{"rendered":"\n<p><\/p>\n\n\n\n<p><strong>\u00c7evre, \u015eehircilik ve \u0130klim De\u011fi\u015fikli\u011fi Bakan\u0131 Mehmet \u00d6zhaseki, &#8220;\u00dcstlendi\u011fim kutlu g\u00f6revi sa\u011fl\u0131k sorunlar\u0131m sebebiyle kendi dile\u011fimle b\u0131rakmak istedi\u011fimi Say\u0131n Cumhurba\u015fkan\u0131m\u0131za arz ettim&#8221; a\u00e7\u0131klamas\u0131n\u0131<\/strong><\/p>\n\n\n\n<p>\u00d6zhaseki, sosyal medya hesab\u0131ndan yapt\u0131\u011f\u0131 a\u00e7\u0131klamada \u015fu ifadelere yer verdi:<\/p>\n\n\n\n<p>Uzun zaman \u00f6nce; 1994 y\u0131l\u0131nda Kayserili hem\u015fehrilerimizin yo\u011fun talebi \u00fczerine, belediye ba\u015fkan\u0131 olarak hizmet kervan\u0131na kat\u0131lm\u0131\u015ft\u0131m. T\u00fcrkiye\u2019nin zor y\u0131llar\u0131yd\u0131 o d\u00f6nemler. Kayseri B\u00fcy\u00fck\u015fehir Belediye Ba\u015fkan\u0131 olarak devam eden bu yolculukta do\u011fdu\u011fum \u015fehre hizmet etmekten, her bir k\u00f6\u015fesine emek verip iz b\u0131rakmaktan derin bir manevi haz duydum.<\/p>\n\n\n\n<p>\u0130lerleyen y\u0131llarda \u00e7ok farkl\u0131 alanlarda memleket hizmetinde g\u00f6rev almak kader yazg\u0131m\u0131z oldu. \u00d6nce Kayseri Milletvekili sonras\u0131nda AK Parti Genel Ba\u015fkan Yard\u0131mc\u0131l\u0131\u011f\u0131 ard\u0131ndan da \u00c7evre \u015eehircilik ve \u0130klim De\u011fi\u015fikli\u011fi Bakan\u0131 olarak g\u00fczel T\u00fcrkiye\u2019mize hizmet ettim. Bu hizmet s\u00fcresi boyunca Say\u0131n Cumhurba\u015fkan\u0131m\u0131zla yol y\u00fcr\u00fcmek her daim bizim i\u00e7in bir onur vesilesi olmu\u015ftur.<\/p>\n\n\n\n<p>\u00dclkemizin ba\u015f\u0131na gelen en b\u00fcy\u00fck do\u011fal afette yaralar\u0131 sarmak ve y\u0131k\u0131lan \u015fehirlerimizi imar etmek i\u00e7in tarihi bir sorumluk \u00fcstlendim. Hamdolsun; geldi\u011fimiz noktada i\u015flerin \u00e7\u00f6z\u00fcm\u00fcnde \u00f6nemli bir mesafe al\u0131nm\u0131\u015f oldu. Yol netle\u015fti, yap\u0131lacak in\u015fa ve ihya faaliyetleri ad\u0131m ad\u0131m belirlendi.<\/p>\n\n\n\n<p>Bug\u00fcn ise; \u00fcstlendi\u011fim bu kutlu g\u00f6revi sa\u011fl\u0131k sorunlar\u0131m sebebiyle kendi dile\u011fimle b\u0131rakmak istedi\u011fimi Say\u0131n Cumhurba\u015fkan\u0131m\u0131za arz ettim.<\/p>\n\n\n\n<p>Ald\u0131\u011f\u0131m g\u00f6revler boyunca gece g\u00fcnd\u00fcz \u00e7al\u0131\u015farak, hi\u00e7bir d\u00fcnyevi hesab\u0131n i\u00e7inde olmadan Hakk\u2019\u0131n r\u0131zas\u0131n\u0131 temin etmeyi yegane gaye edinerek \u00e7al\u0131\u015ft\u0131m. Vicdan terazisine uygun d\u00fc\u015fmeyen bir tutum i\u00e7inde olmamaya ayr\u0131 bir \u00f6zen g\u00f6sterdim. Ne kendimin ne de \u00e7ocuklar\u0131m\u0131n bo\u011faz\u0131ndan haram bir lokma ge\u00e7memesine y\u00f6nelik hassasiyetimi hep diri tuttum.<\/p>\n\n\n\n<p>Bundan sonraki d\u00f6nemde kuraca\u011f\u0131m\u0131z aile vakf\u0131nda sa\u011fl\u0131\u011f\u0131m elverdi\u011fince hizmet vermeye devam edece\u011fim. \u00dclkem i\u00e7in hay\u0131rl\u0131 olan her i\u015fe deste\u011fim elbette s\u00fcrecektir.<\/p>\n\n\n\n<p>Milletimizden haklar\u0131n\u0131 helal etmelerini hususiyle dilerim. Say\u0131n Cumhurba\u015fkan\u0131m\u0131za, g\u00f6stermi\u015f oldu\u011fu g\u00fcven ve tevecc\u00fchleri m\u00fcnasebetiyle \u015f\u00fckranlar\u0131m\u0131 arz ediyorum.<\/p>\n","protected":false},"excerpt":{"rendered":"<p>\u00c7evre, \u015eehircilik ve \u0130klim De\u011fi\u015fikli\u011fi Bakan\u0131 Mehmet \u00d6zhaseki, &#8220;\u00dcstlendi\u011fim kutlu g\u00f6revi sa\u011fl\u0131k sorunlar\u0131m sebebiyle kendi dile\u011fimle&#46;&#46;&#46;<\/p>\n","protected":false},"author":2,"featured_media":15715,"comment_status":"open","ping_status":"open","sticky":false,"template":"","format":"standard","meta":{"inline_featured_image":false,"footnotes":""},"categories":[82],"tags":[514,4591,118,4590,131,107],"manset":[],"class_list":["post-15713","post","type-post","status-publish","format-standard","has-post-thumbnail","hentry","category-gundem-haberleri","tag-cevre","tag-gorevinden-affini-istedi","tag-sanliurfa","tag-sehircilik-ve-iklim-degisikligi-bakani-ozhaseki","tag-son-dakika","tag-ub"],"_links":{"self":[{"href":"https:\/\/www.urfabugun.com\/index.php\/wp-json\/wp\/v2\/posts\/15713","targetHints":{"allow":["GET"]}}],"collection":[{"href":"https:\/\/www.urfabugun.com\/index.php\/wp-json\/wp\/v2\/posts"}],"about":[{"href":"https:\/\/www.urfabugun.com\/index.php\/wp-json\/wp\/v2\/types\/post"}],"author":[{"embeddable":true,"href":"https:\/\/www.urfabugun.com\/index.php\/wp-json\/wp\/v2\/users\/2"}],"replies":[{"embeddable":true,"href":"https:\/\/www.urfabugun.com\/index.php\/wp-json\/wp\/v2\/comments?post=15713"}],"version-history":[{"count":0,"href":"https:\/\/www.urfabugun.com\/index.php\/wp-json\/wp\/v2\/posts\/15713\/revisions"}],"wp:featuredmedia":[{"embeddable":true,"href":"https:\/\/www.urfabugun.com\/index.php\/wp-json\/wp\/v2\/media\/15715"}],"wp:attachment":[{"href":"https:\/\/www.urfabugun.com\/index.php\/wp-json\/wp\/v2\/media?parent=15713"}],"wp:term":[{"taxonomy":"category","embeddable":true,"href":"https:\/\/www.urfabugun.com\/index.php\/wp-json\/wp\/v2\/categories?post=15713"},{"taxonomy":"post_tag","embeddable":true,"href":"https:\/\/www.urfabugun.com\/index.php\/wp-json\/wp\/v2\/tags?post=15713"},{"taxonomy":"manset","embeddable":true,"href":"https:\/\/www.urfabugun.com\/index.php\/wp-json\/wp\/v2\/manset?post=15713"}],"curies":[{"name":"wp","href":"https:\/\/api.w.org\/{rel}","templated":true}]}}