{"id":1572,"date":"2023-01-13T22:07:18","date_gmt":"2023-01-13T19:07:18","guid":{"rendered":"https:\/\/www.urfabugun.com\/?p=1572"},"modified":"2023-01-14T07:39:51","modified_gmt":"2023-01-14T04:39:51","slug":"turkiyede-bu-3-isim-artik-unutuldu","status":"publish","type":"post","link":"https:\/\/www.urfabugun.com\/index.php\/2023\/01\/13\/turkiyede-bu-3-isim-artik-unutuldu\/","title":{"rendered":"T\u00fcrkiye&#8217;de Bu 3 \u0130sim Art\u0131k Unutuldu!"},"content":{"rendered":"\n<p><strong>Trabzon&#8217;da f\u0131kralara bile konu olan Temel, Fadime, Dursun isimleri art\u0131k mazide kald\u0131.<br><\/strong>\u00d6zellikle son 10 y\u0131ldan beri Temel, Fadime, Dursun isimleri hemen hemen yeni do\u011fan bebeklere pek tak\u0131lmazken bug\u00fcnlerde bu isimlerin say\u0131s\u0131 bir elin parmaklar\u0131n\u0131 ge\u00e7meyecek kadar azalm\u0131\u015f durumda. Vatanda\u015flar Fadime, Temel, Dursun isimlerinin ya\u015fat\u0131lmas\u0131n\u0131 istiyor.<br>Trabzon Ortahisar \u0130l\u00e7e Nufus M\u00fcd\u00fcrl\u00fc\u011f\u00fc&#8217;nde bu y\u0131l itibariyle n\u00fcfus k\u00fct\u00fcklerinde Temel, Fadime, Dursun isimlerine pek rastlan\u0131lmazken, Trabzonlular \u00f6zellikle dizilerde yer alan oyuncular\u0131n isimlerini \u00e7ocuklar\u0131na koyuyor.<br>Trabzon Ortahisar \u0130l\u00e7e N\u00fcfus M\u00fcd\u00fcrl\u00fc\u011f\u00fc&#8217;ne gelen aileler k\u0131zlar\u0131na genelde Duha, Azel, Duru, Defne, Z\u00fcmra; o\u011fullar\u0131na ise Alp, Alpaslan, G\u00f6ktu\u011f, Ata gibi isimleri koymak i\u00e7in geliyor. Temel, Fadime ve Dursun isimleri pek tercih edilmiyor.<\/p>\n","protected":false},"excerpt":{"rendered":"<p>Trabzon&#8217;da f\u0131kralara bile konu olan Temel, Fadime, Dursun isimleri art\u0131k mazide kald\u0131.\u00d6zellikle son 10 y\u0131ldan beri&#46;&#46;&#46;<\/p>\n","protected":false},"author":2,"featured_media":1574,"comment_status":"open","ping_status":"open","sticky":false,"template":"","format":"standard","meta":{"inline_featured_image":false,"footnotes":""},"categories":[90],"tags":[151,107,150],"manset":[],"class_list":["post-1572","post","type-post","status-publish","format-standard","has-post-thumbnail","hentry","category-turkiye-haberleri","tag-3-isim-artik-kullanilmiyor","tag-ub","tag-yeni-dogan"],"_links":{"self":[{"href":"https:\/\/www.urfabugun.com\/index.php\/wp-json\/wp\/v2\/posts\/1572","targetHints":{"allow":["GET"]}}],"collection":[{"href":"https:\/\/www.urfabugun.com\/index.php\/wp-json\/wp\/v2\/posts"}],"about":[{"href":"https:\/\/www.urfabugun.com\/index.php\/wp-json\/wp\/v2\/types\/post"}],"author":[{"embeddable":true,"href":"https:\/\/www.urfabugun.com\/index.php\/wp-json\/wp\/v2\/users\/2"}],"replies":[{"embeddable":true,"href":"https:\/\/www.urfabugun.com\/index.php\/wp-json\/wp\/v2\/comments?post=1572"}],"version-history":[{"count":0,"href":"https:\/\/www.urfabugun.com\/index.php\/wp-json\/wp\/v2\/posts\/1572\/revisions"}],"wp:featuredmedia":[{"embeddable":true,"href":"https:\/\/www.urfabugun.com\/index.php\/wp-json\/wp\/v2\/media\/1574"}],"wp:attachment":[{"href":"https:\/\/www.urfabugun.com\/index.php\/wp-json\/wp\/v2\/media?parent=1572"}],"wp:term":[{"taxonomy":"category","embeddable":true,"href":"https:\/\/www.urfabugun.com\/index.php\/wp-json\/wp\/v2\/categories?post=1572"},{"taxonomy":"post_tag","embeddable":true,"href":"https:\/\/www.urfabugun.com\/index.php\/wp-json\/wp\/v2\/tags?post=1572"},{"taxonomy":"manset","embeddable":true,"href":"https:\/\/www.urfabugun.com\/index.php\/wp-json\/wp\/v2\/manset?post=1572"}],"curies":[{"name":"wp","href":"https:\/\/api.w.org\/{rel}","templated":true}]}}