{"id":15730,"date":"2024-07-02T11:35:31","date_gmt":"2024-07-02T08:35:31","guid":{"rendered":"https:\/\/www.urfabugun.com\/?p=15730"},"modified":"2024-07-02T11:35:37","modified_gmt":"2024-07-02T08:35:37","slug":"sanliurfada-sulama-kanalina-dusen-genc-kiz-araniyor","status":"publish","type":"post","link":"https:\/\/www.urfabugun.com\/index.php\/2024\/07\/02\/sanliurfada-sulama-kanalina-dusen-genc-kiz-araniyor\/","title":{"rendered":"\u015eanl\u0131urfada Sulama Kanal\u0131na D\u00fc\u015fen Gen\u00e7 K\u0131z Aran\u0131yor!"},"content":{"rendered":"\n<p><\/p>\n\n\n\n<p><strong>\u015eanl\u0131urfa\u2019n\u0131n Haliliye il\u00e7esinde dengesini kaybetmesi sonucu D\u0130S ait sulama kanal\u0131na d\u00fc\u015fen 21 ya\u015f\u0131ndaki gen\u00e7 k\u0131z i\u00e7in \u00fc\u00e7\u00fcnc\u00fc g\u00fcnde arama \u00e7al\u0131\u015fmalar\u0131 s\u00fcr\u00fcyor.<\/strong><\/p>\n\n\n\n<p>Olay, pazar g\u00fcn\u00fc \u015eanl\u0131urfa\u2019n\u0131n Haliliye il\u00e7esi k\u0131rsal Ye\u015filtepe Mahallesinde meydana geldi. \u0130ddiaya g\u00f6re, Ay\u015fe G.(21) DS\u0130 ait sulama kanal\u0131nda serinlemek i\u00e7in y\u00fcz\u00fcne y\u0131kamaya \u00e7al\u0131\u015ft\u0131\u011f\u0131 esnada dengesini kaybetmesi sonucu suya d\u00fc\u015ft\u00fc.<\/p>\n\n\n\n<p>Bir s\u00fcre suda \u00e7\u0131rp\u0131nan gen\u00e7 k\u0131z g\u00f6zlerden kayboldu.<\/p>\n\n\n\n<p>\u0130hbar \u00fczerine olay yerine AFAD, dalg\u0131\u00e7 polis, itfaiye ve sa\u011fl\u0131k ekipler, arama kurtarma \u00e7al\u0131\u015fmas\u0131 ba\u015flatt\u0131.<\/p>\n\n\n\n<p>Ekipler, \u00fc\u00e7\u00fcnc\u00fc g\u00fcnde gen\u00e7 k\u0131z i\u00e7in Karaali ve \u0130kiza\u011f\u0131z b\u00f6lgesinde aramalar \u00e7al\u0131\u015fmalar\u0131n\u0131 s\u00fcrd\u00fcr\u00fcyor.<\/p>\n","protected":false},"excerpt":{"rendered":"<p>\u015eanl\u0131urfa\u2019n\u0131n Haliliye il\u00e7esinde dengesini kaybetmesi sonucu D\u0130S ait sulama kanal\u0131na d\u00fc\u015fen 21 ya\u015f\u0131ndaki gen\u00e7 k\u0131z i\u00e7in&#46;&#46;&#46;<\/p>\n","protected":false},"author":2,"featured_media":15732,"comment_status":"open","ping_status":"open","sticky":false,"template":"","format":"standard","meta":{"inline_featured_image":false,"footnotes":""},"categories":[75],"tags":[118,4594,107],"manset":[],"class_list":["post-15730","post","type-post","status-publish","format-standard","has-post-thumbnail","hentry","category-asayis-haberleri","tag-sanliurfa","tag-sanliurfada-sulama-kanalina-dusen-genc-kiz-araniyor","tag-ub"],"_links":{"self":[{"href":"https:\/\/www.urfabugun.com\/index.php\/wp-json\/wp\/v2\/posts\/15730","targetHints":{"allow":["GET"]}}],"collection":[{"href":"https:\/\/www.urfabugun.com\/index.php\/wp-json\/wp\/v2\/posts"}],"about":[{"href":"https:\/\/www.urfabugun.com\/index.php\/wp-json\/wp\/v2\/types\/post"}],"author":[{"embeddable":true,"href":"https:\/\/www.urfabugun.com\/index.php\/wp-json\/wp\/v2\/users\/2"}],"replies":[{"embeddable":true,"href":"https:\/\/www.urfabugun.com\/index.php\/wp-json\/wp\/v2\/comments?post=15730"}],"version-history":[{"count":0,"href":"https:\/\/www.urfabugun.com\/index.php\/wp-json\/wp\/v2\/posts\/15730\/revisions"}],"wp:featuredmedia":[{"embeddable":true,"href":"https:\/\/www.urfabugun.com\/index.php\/wp-json\/wp\/v2\/media\/15732"}],"wp:attachment":[{"href":"https:\/\/www.urfabugun.com\/index.php\/wp-json\/wp\/v2\/media?parent=15730"}],"wp:term":[{"taxonomy":"category","embeddable":true,"href":"https:\/\/www.urfabugun.com\/index.php\/wp-json\/wp\/v2\/categories?post=15730"},{"taxonomy":"post_tag","embeddable":true,"href":"https:\/\/www.urfabugun.com\/index.php\/wp-json\/wp\/v2\/tags?post=15730"},{"taxonomy":"manset","embeddable":true,"href":"https:\/\/www.urfabugun.com\/index.php\/wp-json\/wp\/v2\/manset?post=15730"}],"curies":[{"name":"wp","href":"https:\/\/api.w.org\/{rel}","templated":true}]}}