{"id":15755,"date":"2024-07-04T10:21:20","date_gmt":"2024-07-04T07:21:20","guid":{"rendered":"https:\/\/www.urfabugun.com\/?p=15755"},"modified":"2024-07-04T10:21:26","modified_gmt":"2024-07-04T07:21:26","slug":"karakoprude-cevheri-istifa-etti-engel-olarak-baskan-ciftci-hedef-gosterildi","status":"publish","type":"post","link":"https:\/\/www.urfabugun.com\/index.php\/2024\/07\/04\/karakoprude-cevheri-istifa-etti-engel-olarak-baskan-ciftci-hedef-gosterildi\/","title":{"rendered":"Karak\u00f6pr\u00fc\u2019de Cevheri \u0130stifa Etti! Engel Olarak Ba\u015fkan \u00c7ift\u00e7i Hedef G\u00f6sterildi!"},"content":{"rendered":"\n<p><\/p>\n\n\n\n<p><strong>\u015eanl\u0131urfa&#8217;da 10 g\u00fcn \u00f6nce ger\u00e7ekle\u015fen kongre ile Karak\u00f6pr\u00fc Belediyespor ba\u015fkanl\u0131\u011f\u0131na se\u00e7ilen Murat Cevheri, g\u00f6revinden istifa etti\u011fini a\u00e7\u0131klad\u0131.<\/strong><\/p>\n\n\n\n<p>Ge\u00e7ti\u011fimiz sezon \u015fampiyon olarak 2. lige y\u00fckselen Karak\u00f6pr\u00fc Belediyespor&#8217;da sular durulmuyor. Ge\u00e7en hafta yap\u0131lan ertelemeli kongre ile belediye meclis \u00fcyesi Murat Cevheri, tek liste ile girilen se\u00e7imde kul\u00fcp ba\u015fkanl\u0131\u011f\u0131na se\u00e7ildi.<\/p>\n\n\n\n<p>Kul\u00fcb\u00fcn \u00e7i\u00e7e\u011fi burnunda ba\u015fkan\u0131 Cevheri, kendisine verilen s\u00f6zlerin yerine getirilmedi\u011fini, destek g\u00f6rmedi\u011fini belirterek g\u00f6revinden istifa etti\u011fini a\u00e7\u0131klad\u0131.<\/p>\n\n\n\n<p>Cevheri, yapt\u0131\u011f\u0131 a\u00e7\u0131klamada \u015fu ifadeleri kulland\u0131:<\/p>\n\n\n\n<p>&#8220;31 Mart\u2019ta yap\u0131lan yerel se\u00e7imlerde Yeniden Refah Partisinden Karak\u00f6pr\u00fc Belediyesi enc\u00fcmen \u00fcyesi se\u00e7ildim. Se\u00e7imin akabinde \u015eampiyon olarak 2. Lige y\u00fckselen \u015eanl\u0131urfa\u2019n\u0131n \u015firin il\u00e7esi Karak\u00f6pr\u00fc Belediyespor\u2019un sahipsiz kalmamas\u0131 anlam\u0131nda bu g\u00fczide kul\u00fcbe ba\u015fkan aday\u0131 oldum. \u00c7ok de\u011ferli arkada\u015flar\u0131m\u0131zla yap\u0131lan 3. Ola\u011fan\u00fcst\u00fc kongrede ba\u015fkanl\u0131\u011f\u0131 \u00fcstlendim.<\/p>\n\n\n\n<p>Karak\u00f6pr\u00fc Belediyespor\u2019a hizmet edip, daha iyi yerlere getirme anlam\u0131nda g\u00f6vdemizi ta\u015f\u0131n alt\u0131na koyarken, Belediye ba\u015fkan\u0131m\u0131z Say\u0131n Nihat \u00c7ift\u00e7i\u2019nin tutars\u0131zl\u0131\u011f\u0131 ile kar\u015f\u0131la\u015ft\u0131m. Kendisi ile defalarca g\u00f6r\u00fc\u015fmemize ra\u011fmen, Aradan ge\u00e7en s\u00fcre zarf\u0131nda tak\u0131m\u0131 en ufak bir sahiplenme ve destek anlam\u0131nda herhangi bir d\u00fc\u015f\u00fcncesi olmad\u0131\u011f\u0131na inand\u0131m.<\/p>\n\n\n\n<p>T\u00fcrkiye\u2019de bir \u00e7ok ilin hayali olan 2. ligde bulunmaya d\u00fc\u015fman zihniyet ile bir arada ya\u015faman\u0131n \u00fcz\u00fcnt\u00fcs\u00fcn\u00fc ya\u015farken, inan\u0131lmaz bir hayal k\u0131r\u0131kl\u0131\u011f\u0131n\u0131 da bir arada ya\u015faman\u0131n ac\u0131s\u0131n\u0131 hissettim.<\/p>\n\n\n\n<p>\u00c7ok b\u00fcy\u00fck hayaller ile ba\u015flad\u0131\u011f\u0131m\u0131z, ser\u00fcvenimize \u00f6n\u00fcm\u00fczdeki engelin Say\u0131n Nihat \u00c7ift\u00e7i oldu\u011funu g\u00f6rd\u00fcm.<\/p>\n\n\n\n<p>Memleketin umutlar\u0131n\u0131n, hayallerinin \u00e7al\u0131nmas\u0131na g\u00f6z yumamazd\u0131m. 300 Bin n\u00fcfuslu bir il\u00e7enin 2. Lige \u00e7\u0131km\u0131\u015f bir tak\u0131m\u0131n\u0131n umutlar\u0131n\u0131n \u00e7al\u0131nmas\u0131 beni ziyadesiyle \u00fczm\u00fc\u015ft\u00fcr.<\/p>\n\n\n\n<p>Spora ve sporcuya bak\u0131\u015f a\u00e7\u0131s\u0131n\u0131n \u00e7ok k\u00f6t\u00fc oldu\u011funu, Karak\u00f6pr\u00fc Belediyespor\u2019u k\u00fcme d\u00fc\u015f\u00fcrme \u00e7abas\u0131 i\u00e7inde hatta kapatma d\u00fc\u015f\u00fcncesi oldu\u011funu g\u00f6rd\u00fc\u011f\u00fcmden dolay\u0131 \u00e7ok sevdi\u011fim Karak\u00f6pr\u00fc Belediyespor Kul\u00fcp ba\u015fkanl\u0131\u011f\u0131nda \u0130stifa ediyorum. Bundan sonraki s\u00fcre\u00e7te Karak\u00f6pr\u00fc Belediyespor kul\u00fcb\u00fcne ba\u015far\u0131lar dilerim.&#8221;<\/p>\n","protected":false},"excerpt":{"rendered":"<p>\u015eanl\u0131urfa&#8217;da 10 g\u00fcn \u00f6nce ger\u00e7ekle\u015fen kongre ile Karak\u00f6pr\u00fc Belediyespor ba\u015fkanl\u0131\u011f\u0131na se\u00e7ilen Murat Cevheri, g\u00f6revinden istifa etti\u011fini&#46;&#46;&#46;<\/p>\n","protected":false},"author":2,"featured_media":15757,"comment_status":"open","ping_status":"open","sticky":false,"template":"","format":"standard","meta":{"inline_featured_image":false,"footnotes":""},"categories":[82],"tags":[4600,782,118,131,107],"manset":[],"class_list":["post-15755","post","type-post","status-publish","format-standard","has-post-thumbnail","hentry","category-gundem-haberleri","tag-murat-cevheri","tag-nihat-ciftci","tag-sanliurfa","tag-son-dakika","tag-ub"],"_links":{"self":[{"href":"https:\/\/www.urfabugun.com\/index.php\/wp-json\/wp\/v2\/posts\/15755","targetHints":{"allow":["GET"]}}],"collection":[{"href":"https:\/\/www.urfabugun.com\/index.php\/wp-json\/wp\/v2\/posts"}],"about":[{"href":"https:\/\/www.urfabugun.com\/index.php\/wp-json\/wp\/v2\/types\/post"}],"author":[{"embeddable":true,"href":"https:\/\/www.urfabugun.com\/index.php\/wp-json\/wp\/v2\/users\/2"}],"replies":[{"embeddable":true,"href":"https:\/\/www.urfabugun.com\/index.php\/wp-json\/wp\/v2\/comments?post=15755"}],"version-history":[{"count":0,"href":"https:\/\/www.urfabugun.com\/index.php\/wp-json\/wp\/v2\/posts\/15755\/revisions"}],"wp:featuredmedia":[{"embeddable":true,"href":"https:\/\/www.urfabugun.com\/index.php\/wp-json\/wp\/v2\/media\/15757"}],"wp:attachment":[{"href":"https:\/\/www.urfabugun.com\/index.php\/wp-json\/wp\/v2\/media?parent=15755"}],"wp:term":[{"taxonomy":"category","embeddable":true,"href":"https:\/\/www.urfabugun.com\/index.php\/wp-json\/wp\/v2\/categories?post=15755"},{"taxonomy":"post_tag","embeddable":true,"href":"https:\/\/www.urfabugun.com\/index.php\/wp-json\/wp\/v2\/tags?post=15755"},{"taxonomy":"manset","embeddable":true,"href":"https:\/\/www.urfabugun.com\/index.php\/wp-json\/wp\/v2\/manset?post=15755"}],"curies":[{"name":"wp","href":"https:\/\/api.w.org\/{rel}","templated":true}]}}