{"id":1576,"date":"2023-01-13T22:12:33","date_gmt":"2023-01-13T19:12:33","guid":{"rendered":"https:\/\/www.urfabugun.com\/?p=1576"},"modified":"2023-01-14T07:51:06","modified_gmt":"2023-01-14T04:51:06","slug":"rami-kutuphanesi-acildi","status":"publish","type":"post","link":"https:\/\/www.urfabugun.com\/index.php\/2023\/01\/13\/rami-kutuphanesi-acildi\/","title":{"rendered":"Rami K\u00fct\u00fcphanesi A\u00e7\u0131ld\u0131!"},"content":{"rendered":"\n<p><strong>250 y\u0131ll\u0131k bir ge\u00e7mi\u015fe sahip \u0130stanbul&#8217;daki Rami K\u0131\u015flas\u0131 1,5 y\u0131ll\u0131k restorasyon \u00e7al\u0131\u015fmas\u0131 sonras\u0131nda k\u00fct\u00fcphaneye d\u00f6n\u00fc\u015ft\u00fcr\u00fcld\u00fc. <\/strong><\/p>\n\n\n\n<p>T\u00fcrkiye&#8217;nin en b\u00fcy\u00fck k\u00fct\u00fcphanesi olarak tan\u0131t\u0131lan alanda farkl\u0131 ya\u015f gruplar\u0131 i\u00e7in 2 milyondan fazla kitap yer alacak. K\u00fct\u00fcphane, Cumhurba\u015fkan\u0131 Erdo\u011fan&#8217;\u0131n kat\u0131ld\u0131\u011f\u0131 t\u00f6renle hizmete a\u00e7\u0131ld\u0131.<br>51 bin metrekarelik peyzaj alan\u0131 ve 4 bin 200 ki\u015filik oturma kapasitesine sahip Rami K\u00fct\u00fcphanesi bug\u00fcn hizmete a\u00e7\u0131ld\u0131.<br>Cumhurba\u015fkan\u0131 Recep Tayyip Erdo\u011fan&#8217;\u0131n kat\u0131l\u0131m\u0131yla a\u00e7\u0131lan k\u00fct\u00fcphane, T\u00fcrkiye&#8217;nin en b\u00fcy\u00fck Avrupa&#8217;n\u0131n ise say\u0131l\u0131 k\u00fct\u00fcphanelerinden biri olacak.<br>Cumhurba\u015fkan\u0131 Recep Tayyip Erdo\u011fan ve e\u015fi Emine Erdo\u011fan, a\u00e7\u0131l\u0131\u015f t\u00f6reni \u00f6ncesi k\u00fct\u00fcphaneyi gezdi.<br>Ulusal ve uluslararas\u0131 sergilere, konferanslara ve etkinliklere ev sahipli\u011fi yapmas\u0131 planan k\u00fct\u00fcphaneyi gezen Cumhurba\u015fkan\u0131 Recep Tayyip Erdo\u011fan, incelemelerde bulundu.<br>A\u00e7\u0131l\u0131\u015f t\u00f6reninde konu\u015fan Cumhurba\u015fkan\u0131 Erdo\u011fan, k\u00fct\u00fcphanenin haftan\u0131n her g\u00fcn\u00fc, g\u00fcn\u00fcn 24 saati kitapseverlere hizmet verece\u011fini s\u00f6yledi. Cumhurba\u015fkan\u0131, &#8221;Rami&#8217;yi sadece bir k\u00fct\u00fcphane de\u011fil pek \u00e7ok faaliyetin de yap\u0131labilece\u011fi bir k\u00fclt\u00fcr merkezi olarak planlad\u0131k&#8221; dedi.<\/p>\n","protected":false},"excerpt":{"rendered":"<p>250 y\u0131ll\u0131k bir ge\u00e7mi\u015fe sahip \u0130stanbul&#8217;daki Rami K\u0131\u015flas\u0131 1,5 y\u0131ll\u0131k restorasyon \u00e7al\u0131\u015fmas\u0131 sonras\u0131nda k\u00fct\u00fcphaneye d\u00f6n\u00fc\u015ft\u00fcr\u00fcld\u00fc. T\u00fcrkiye&#8217;nin&#46;&#46;&#46;<\/p>\n","protected":false},"author":2,"featured_media":1578,"comment_status":"open","ping_status":"open","sticky":false,"template":"","format":"standard","meta":{"inline_featured_image":false,"footnotes":""},"categories":[90],"tags":[107,93],"manset":[],"class_list":["post-1576","post","type-post","status-publish","format-standard","has-post-thumbnail","hentry","category-turkiye-haberleri","tag-ub","tag-ust"],"_links":{"self":[{"href":"https:\/\/www.urfabugun.com\/index.php\/wp-json\/wp\/v2\/posts\/1576","targetHints":{"allow":["GET"]}}],"collection":[{"href":"https:\/\/www.urfabugun.com\/index.php\/wp-json\/wp\/v2\/posts"}],"about":[{"href":"https:\/\/www.urfabugun.com\/index.php\/wp-json\/wp\/v2\/types\/post"}],"author":[{"embeddable":true,"href":"https:\/\/www.urfabugun.com\/index.php\/wp-json\/wp\/v2\/users\/2"}],"replies":[{"embeddable":true,"href":"https:\/\/www.urfabugun.com\/index.php\/wp-json\/wp\/v2\/comments?post=1576"}],"version-history":[{"count":0,"href":"https:\/\/www.urfabugun.com\/index.php\/wp-json\/wp\/v2\/posts\/1576\/revisions"}],"wp:featuredmedia":[{"embeddable":true,"href":"https:\/\/www.urfabugun.com\/index.php\/wp-json\/wp\/v2\/media\/1578"}],"wp:attachment":[{"href":"https:\/\/www.urfabugun.com\/index.php\/wp-json\/wp\/v2\/media?parent=1576"}],"wp:term":[{"taxonomy":"category","embeddable":true,"href":"https:\/\/www.urfabugun.com\/index.php\/wp-json\/wp\/v2\/categories?post=1576"},{"taxonomy":"post_tag","embeddable":true,"href":"https:\/\/www.urfabugun.com\/index.php\/wp-json\/wp\/v2\/tags?post=1576"},{"taxonomy":"manset","embeddable":true,"href":"https:\/\/www.urfabugun.com\/index.php\/wp-json\/wp\/v2\/manset?post=1576"}],"curies":[{"name":"wp","href":"https:\/\/api.w.org\/{rel}","templated":true}]}}