{"id":15777,"date":"2024-07-06T09:49:55","date_gmt":"2024-07-06T06:49:55","guid":{"rendered":"https:\/\/www.urfabugun.com\/?p=15777"},"modified":"2024-07-06T09:50:01","modified_gmt":"2024-07-06T06:50:01","slug":"sanliurfada-bicakli-sopali-kavga-3-yarali","status":"publish","type":"post","link":"https:\/\/www.urfabugun.com\/index.php\/2024\/07\/06\/sanliurfada-bicakli-sopali-kavga-3-yarali\/","title":{"rendered":"\u015eanl\u0131urfa\u2019da B\u0131\u00e7akl\u0131 Sopal\u0131 Kavga, 3 Yaral\u0131!"},"content":{"rendered":"\n<p><\/p>\n\n\n\n<p><strong>\u015eanl\u0131urfa\u2019n\u0131n Siverek il\u00e7esi iki grup aras\u0131nda b\u0131\u00e7akl\u0131 sopal\u0131 kavga meydan geldi. Kavgada 3 ki\u015fi yaraland\u0131.<\/strong><\/p>\n\n\n\n<p>Olay, Siverek il\u00e7esi \u015eirinkuyu Mahallesi\u2019nde meydana geldi.<\/p>\n\n\n\n<p>\u0130ddiaya g\u00f6re, aralar\u0131nda daha \u00f6nce arazi anla\u015fmazl\u0131\u011f\u0131 bulunan iki grup aras\u0131nda tart\u0131\u015fma \u00e7\u0131kt\u0131, tart\u0131\u015fma k\u0131sa s\u00fcrede kavgaya d\u00f6n\u00fc\u015ft\u00fc.<\/p>\n\n\n\n<p>\u00c7\u0131kan b\u0131\u00e7akl\u0131 sopal\u0131 kavgada, A.G., E.G. ve B.\u00c7. yaraland\u0131. Kavgan\u0131n ihbar\u0131 \u00fczerine olay yerine polis ve sa\u011fl\u0131k ekibi sevk edildi.<\/p>\n\n\n\n<p>Yaralan\u0131n 3 ki\u015fi olay yerinde yap\u0131lan ilk m\u00fcdahalenin ard\u0131ndan ambulans ile Siverek Devlet Hastanesine kald\u0131r\u0131ld\u0131. Polis ekipleri kavgayla ilgili soru\u015fturma ba\u015flatt\u0131.<\/p>\n","protected":false},"excerpt":{"rendered":"<p>\u015eanl\u0131urfa\u2019n\u0131n Siverek il\u00e7esi iki grup aras\u0131nda b\u0131\u00e7akl\u0131 sopal\u0131 kavga meydan geldi. Kavgada 3 ki\u015fi yaraland\u0131. Olay,&#46;&#46;&#46;<\/p>\n","protected":false},"author":2,"featured_media":15779,"comment_status":"open","ping_status":"open","sticky":false,"template":"","format":"standard","meta":{"inline_featured_image":false,"footnotes":""},"categories":[75],"tags":[4604,131,107],"manset":[],"class_list":["post-15777","post","type-post","status-publish","format-standard","has-post-thumbnail","hentry","category-asayis-haberleri","tag-sanliurfada-bicakli-sopali-kavga","tag-son-dakika","tag-ub"],"_links":{"self":[{"href":"https:\/\/www.urfabugun.com\/index.php\/wp-json\/wp\/v2\/posts\/15777","targetHints":{"allow":["GET"]}}],"collection":[{"href":"https:\/\/www.urfabugun.com\/index.php\/wp-json\/wp\/v2\/posts"}],"about":[{"href":"https:\/\/www.urfabugun.com\/index.php\/wp-json\/wp\/v2\/types\/post"}],"author":[{"embeddable":true,"href":"https:\/\/www.urfabugun.com\/index.php\/wp-json\/wp\/v2\/users\/2"}],"replies":[{"embeddable":true,"href":"https:\/\/www.urfabugun.com\/index.php\/wp-json\/wp\/v2\/comments?post=15777"}],"version-history":[{"count":0,"href":"https:\/\/www.urfabugun.com\/index.php\/wp-json\/wp\/v2\/posts\/15777\/revisions"}],"wp:featuredmedia":[{"embeddable":true,"href":"https:\/\/www.urfabugun.com\/index.php\/wp-json\/wp\/v2\/media\/15779"}],"wp:attachment":[{"href":"https:\/\/www.urfabugun.com\/index.php\/wp-json\/wp\/v2\/media?parent=15777"}],"wp:term":[{"taxonomy":"category","embeddable":true,"href":"https:\/\/www.urfabugun.com\/index.php\/wp-json\/wp\/v2\/categories?post=15777"},{"taxonomy":"post_tag","embeddable":true,"href":"https:\/\/www.urfabugun.com\/index.php\/wp-json\/wp\/v2\/tags?post=15777"},{"taxonomy":"manset","embeddable":true,"href":"https:\/\/www.urfabugun.com\/index.php\/wp-json\/wp\/v2\/manset?post=15777"}],"curies":[{"name":"wp","href":"https:\/\/api.w.org\/{rel}","templated":true}]}}