{"id":15789,"date":"2024-07-08T09:08:12","date_gmt":"2024-07-08T06:08:12","guid":{"rendered":"https:\/\/www.urfabugun.com\/?p=15789"},"modified":"2024-07-08T09:08:18","modified_gmt":"2024-07-08T06:08:18","slug":"sanliurfada-evine-giderken-komsusu-tarafindan-olduruldu","status":"publish","type":"post","link":"https:\/\/www.urfabugun.com\/index.php\/2024\/07\/08\/sanliurfada-evine-giderken-komsusu-tarafindan-olduruldu\/","title":{"rendered":"\u015eanl\u0131urfa&#8217;da Evine Giderken Kom\u015fusu Taraf\u0131ndan \u00d6ld\u00fcr\u00fcld\u00fc!"},"content":{"rendered":"\n<p><\/p>\n\n\n\n<p><strong>\u015eanl\u0131urfa&#8217;da kom\u015fusuyla tart\u0131\u015ft\u0131ktan sonra silahl\u0131 sald\u0131r\u0131ya u\u011frayan ki\u015fi, kald\u0131r\u0131ld\u0131\u011f\u0131 hastanede hayat\u0131n\u0131 kaybetti.<\/strong><\/p>\n\n\n\n<p>Olay, \u015eanl\u0131urfa\u2019n\u0131n Karak\u00f6pr\u00fc il\u00e7esinde bulunan Seyrantepe Mahallesinde meydana geldi.<\/p>\n\n\n\n<p>\u0130ddiaya g\u00f6re, 55 ya\u015f\u0131ndaki Nihat A\u011faslan ailesi ile birlikte sokakta y\u00fcr\u00fcyerek evine giderken kimli\u011fi belirsiz ki\u015fi ya da ki\u015filer taraf\u0131ndan tabancayla rastgele ate\u015f a\u00e7\u0131ld\u0131.<\/p>\n\n\n\n<p>V\u00fccuduna isabet eden kur\u015funlarla A\u011faslan a\u011f\u0131r yaraland\u0131.<\/p>\n\n\n\n<p>Silah sesini duyanlar durumu hemen 112 Acil \u00c7a\u011fr\u0131 Merkezine bildirdi. \u0130hbar \u00fczerine olay yerine \u00e7ok say\u0131da sa\u011fl\u0131k ve polis ekipleri sevk edildi.<\/p>\n\n\n\n<p>Olay yerine gelen sa\u011fl\u0131k birimleri a\u011f\u0131r yaral\u0131 A\u011faslan\u2019a yapt\u0131klar\u0131 ilk m\u00fcdahalenin ard\u0131ndan ambulansla Bal\u0131kl\u0131g\u00f6l Devlet Hastanesine sevk etti.<\/p>\n\n\n\n<p>Hastanede doktorlar\u0131n t\u00fcm m\u00fcdahalesine ra\u011fmen 55 ya\u015f\u0131ndaki Nihat A\u011faslan kurtar\u0131lamayarak hayat\u0131n\u0131 kaybetti.<\/p>\n\n\n\n<p>A\u011faslan&#8217;\u0131n cans\u0131z bedeni otopsi i\u00e7in Adli Tip Kurumu morguna kald\u0131r\u0131ld\u0131. Polis olayla ilgili geni\u015f \u00e7apl\u0131 soru\u015fturma ba\u015flatt\u0131. Urfahaberler<\/p>\n","protected":false},"excerpt":{"rendered":"<p>\u015eanl\u0131urfa&#8217;da kom\u015fusuyla tart\u0131\u015ft\u0131ktan sonra silahl\u0131 sald\u0131r\u0131ya u\u011frayan ki\u015fi, kald\u0131r\u0131ld\u0131\u011f\u0131 hastanede hayat\u0131n\u0131 kaybetti. Olay, \u015eanl\u0131urfa\u2019n\u0131n Karak\u00f6pr\u00fc il\u00e7esinde&#46;&#46;&#46;<\/p>\n","protected":false},"author":2,"featured_media":15791,"comment_status":"open","ping_status":"open","sticky":false,"template":"","format":"standard","meta":{"inline_featured_image":false,"footnotes":""},"categories":[75],"tags":[118,4608,131,107],"manset":[],"class_list":["post-15789","post","type-post","status-publish","format-standard","has-post-thumbnail","hentry","category-asayis-haberleri","tag-sanliurfa","tag-sanliurfada-evine-giderken-komsusu-tarafindan-olduruldu","tag-son-dakika","tag-ub"],"_links":{"self":[{"href":"https:\/\/www.urfabugun.com\/index.php\/wp-json\/wp\/v2\/posts\/15789","targetHints":{"allow":["GET"]}}],"collection":[{"href":"https:\/\/www.urfabugun.com\/index.php\/wp-json\/wp\/v2\/posts"}],"about":[{"href":"https:\/\/www.urfabugun.com\/index.php\/wp-json\/wp\/v2\/types\/post"}],"author":[{"embeddable":true,"href":"https:\/\/www.urfabugun.com\/index.php\/wp-json\/wp\/v2\/users\/2"}],"replies":[{"embeddable":true,"href":"https:\/\/www.urfabugun.com\/index.php\/wp-json\/wp\/v2\/comments?post=15789"}],"version-history":[{"count":0,"href":"https:\/\/www.urfabugun.com\/index.php\/wp-json\/wp\/v2\/posts\/15789\/revisions"}],"wp:featuredmedia":[{"embeddable":true,"href":"https:\/\/www.urfabugun.com\/index.php\/wp-json\/wp\/v2\/media\/15791"}],"wp:attachment":[{"href":"https:\/\/www.urfabugun.com\/index.php\/wp-json\/wp\/v2\/media?parent=15789"}],"wp:term":[{"taxonomy":"category","embeddable":true,"href":"https:\/\/www.urfabugun.com\/index.php\/wp-json\/wp\/v2\/categories?post=15789"},{"taxonomy":"post_tag","embeddable":true,"href":"https:\/\/www.urfabugun.com\/index.php\/wp-json\/wp\/v2\/tags?post=15789"},{"taxonomy":"manset","embeddable":true,"href":"https:\/\/www.urfabugun.com\/index.php\/wp-json\/wp\/v2\/manset?post=15789"}],"curies":[{"name":"wp","href":"https:\/\/api.w.org\/{rel}","templated":true}]}}