{"id":15817,"date":"2024-07-09T09:23:50","date_gmt":"2024-07-09T06:23:50","guid":{"rendered":"https:\/\/www.urfabugun.com\/?p=15817"},"modified":"2024-07-09T09:23:57","modified_gmt":"2024-07-09T06:23:57","slug":"sanliurfada-kurtlanmis-pirince-el-konuldu","status":"publish","type":"post","link":"https:\/\/www.urfabugun.com\/index.php\/2024\/07\/09\/sanliurfada-kurtlanmis-pirince-el-konuldu\/","title":{"rendered":"\u015eanl\u0131urfa\u2019da Kurtlanm\u0131\u015f Pirince El Konuldu!"},"content":{"rendered":"\n<p><\/p>\n\n\n\n<p><strong>\u015eanl\u0131urfa B\u00fcy\u00fck\u015fehir Belediyesi Zab\u0131ta ekipleri, marketlere y\u00f6nelik ger\u00e7ekle\u015ftirdi\u011fi denetimlerde kurtlanm\u0131\u015f \u00e7ok say\u0131da pirince el koyarak imha etti.<\/strong><\/p>\n\n\n\n<p>Halk sa\u011fl\u0131\u011f\u0131n\u0131 korumaya y\u00f6nelik kent genelinde denetimlerini s\u00fcrd\u00fcren \u015eanl\u0131urfa B\u00fcy\u00fck\u015fehir Belediyesi Zab\u0131ta Dairesi Ba\u015fkanl\u0131\u011f\u0131 ekipleri, marketlerdeki denetimlerine s\u0131k\u0131 bir \u015fekilde devam ediyor.<\/p>\n\n\n\n<p>Kent genelindeki marketlere y\u00f6nelik denetimler yapan ekipler, reyonlardaki \u00fcr\u00fcnleri tek tek kontrol ederek, sat\u0131\u015fa uygun olmayan \u00fcr\u00fcnlere el koydu.<\/p>\n\n\n\n<p>Marketlerdeki pirin\u00e7leri yak\u0131ndan inceleyen zab\u0131ta ekipleri, baz\u0131 \u00fcr\u00fcnlerin i\u00e7inde kurt ve b\u00f6cek oldu\u011funu fark etti. Bunun \u00fczerine reyonlardaki t\u00fcm \u00fcr\u00fcnleri inceleyen ekipler, kurtlanm\u0131\u015f \u00fcr\u00fcnlere el koyarak marketlere cezai i\u015flem uygulad\u0131.<\/p>\n\n\n\n<figure class=\"wp-block-image size-large\"><img loading=\"lazy\" decoding=\"async\" width=\"1024\" height=\"768\" src=\"https:\/\/www.urfabugun.com\/wp-content\/uploads\/2024\/07\/f50d3be7-5922-42c6-95b5-f07c8d2019f0-1024x768.jpeg\" alt=\"\" class=\"wp-image-15820\"\/><\/figure>\n\n\n\n<p>Zab\u0131ta ekipleri, vatanda\u015flar\u0131 \u00fcr\u00fcn al\u0131rken son kullanma tarihinin yan\u0131 s\u0131ra \u00fcr\u00fcnleri detayl\u0131 incelemeleri gerekti\u011fini belirtti.<\/p>\n\n\n\n<p>El konulan \u00fcr\u00fcnler, Zab\u0131ta ekipleri g\u00f6zetiminde imha edildi.<\/p>\n","protected":false},"excerpt":{"rendered":"<p>\u015eanl\u0131urfa B\u00fcy\u00fck\u015fehir Belediyesi Zab\u0131ta ekipleri, marketlere y\u00f6nelik ger\u00e7ekle\u015ftirdi\u011fi denetimlerde kurtlanm\u0131\u015f \u00e7ok say\u0131da pirince el koyarak imha&#46;&#46;&#46;<\/p>\n","protected":false},"author":2,"featured_media":15819,"comment_status":"open","ping_status":"open","sticky":false,"template":"","format":"standard","meta":{"inline_featured_image":false,"footnotes":""},"categories":[82],"tags":[118,4616,131,107],"manset":[],"class_list":["post-15817","post","type-post","status-publish","format-standard","has-post-thumbnail","hentry","category-gundem-haberleri","tag-sanliurfa","tag-sanliurfada-kurtlanmis-pirince-el-konuldu","tag-son-dakika","tag-ub"],"_links":{"self":[{"href":"https:\/\/www.urfabugun.com\/index.php\/wp-json\/wp\/v2\/posts\/15817","targetHints":{"allow":["GET"]}}],"collection":[{"href":"https:\/\/www.urfabugun.com\/index.php\/wp-json\/wp\/v2\/posts"}],"about":[{"href":"https:\/\/www.urfabugun.com\/index.php\/wp-json\/wp\/v2\/types\/post"}],"author":[{"embeddable":true,"href":"https:\/\/www.urfabugun.com\/index.php\/wp-json\/wp\/v2\/users\/2"}],"replies":[{"embeddable":true,"href":"https:\/\/www.urfabugun.com\/index.php\/wp-json\/wp\/v2\/comments?post=15817"}],"version-history":[{"count":0,"href":"https:\/\/www.urfabugun.com\/index.php\/wp-json\/wp\/v2\/posts\/15817\/revisions"}],"wp:featuredmedia":[{"embeddable":true,"href":"https:\/\/www.urfabugun.com\/index.php\/wp-json\/wp\/v2\/media\/15819"}],"wp:attachment":[{"href":"https:\/\/www.urfabugun.com\/index.php\/wp-json\/wp\/v2\/media?parent=15817"}],"wp:term":[{"taxonomy":"category","embeddable":true,"href":"https:\/\/www.urfabugun.com\/index.php\/wp-json\/wp\/v2\/categories?post=15817"},{"taxonomy":"post_tag","embeddable":true,"href":"https:\/\/www.urfabugun.com\/index.php\/wp-json\/wp\/v2\/tags?post=15817"},{"taxonomy":"manset","embeddable":true,"href":"https:\/\/www.urfabugun.com\/index.php\/wp-json\/wp\/v2\/manset?post=15817"}],"curies":[{"name":"wp","href":"https:\/\/api.w.org\/{rel}","templated":true}]}}