{"id":1588,"date":"2023-01-13T22:31:53","date_gmt":"2023-01-13T19:31:53","guid":{"rendered":"https:\/\/www.urfabugun.com\/?p=1588"},"modified":"2023-01-14T07:41:41","modified_gmt":"2023-01-14T04:41:41","slug":"sanatci-burhan-cacan-son-yolculuguna-ugurlandi","status":"publish","type":"post","link":"https:\/\/www.urfabugun.com\/index.php\/2023\/01\/13\/sanatci-burhan-cacan-son-yolculuguna-ugurlandi\/","title":{"rendered":"Sanat\u00e7i Burhan \u00c7a\u00e7an, Son Yolculu\u011funa U\u011furlandi"},"content":{"rendered":"\n<p><strong>D\u00fcn \u0130stanbul Bak\u0131rk\u00f6y&#8217;deki evinde hayat\u0131n\u0131 kaybeden sanat\u00e7\u0131 Burhan \u00c7a\u00e7an, son yolculu\u011funa u\u011furland\u0131. \u00c7a\u00e7an&#8217;\u0131n cenaze t\u00f6renine siyaset ve sanat camias\u0131ndan isimler kat\u0131ld\u0131.<br><\/strong>D\u00fcn \u0130stanbul Bak\u0131rk\u00f6y&#8217;deki evinde hayat\u0131n\u0131 kaybeden sanat\u00e7\u0131 Burhan \u00c7a\u00e7an, son yolculu\u011funa u\u011furland\u0131.Yo\u011fun kalabal\u0131\u011f\u0131n olu\u015ftu\u011fu cenaze t\u00f6reninde \u00c7a\u00e7an&#8217;\u0131n o\u011fullar\u0131 Kutsal \u00c7a\u00e7an ve Furkan \u00c7a\u00e7an babalar\u0131 i\u00e7in son g\u00f6revi yerine getirirken duygu dolu anlar ya\u015fad\u0131. Sanat\u00e7\u0131n\u0131n cenazesi, Fatih Camisi&#8217;nde \u00f6\u011fle vaktini m\u00fcteakip k\u0131l\u0131nan cenaze namaz\u0131n\u0131n ard\u0131ndan Edirnekap\u0131 Mezarl\u0131\u011f\u0131&#8217;nda topra\u011fa verildi.<br>CENAZEYE \u00c7OK SAYIDA \u0130S\u0130M KATILDI<br>Taziyeleri sanat\u00e7\u0131n\u0131n e\u015fi Yasemin \u00c7a\u00e7an ile o\u011fullar\u0131 Furkan ve Kutsal \u00c7a\u00e7an&#8217;\u0131n kabul etti\u011fi t\u00f6rene K\u00fclt\u00fcr ve Turizm Bakan Yard\u0131mc\u0131s\u0131 Ahmet Misbah Demircan, TBMM Ba\u015fkanvekili Celal Adan, A\u011fr\u0131 Belediye Ba\u015fkan\u0131 Savc\u0131 Sayan ile sanat\u00e7\u0131lar Selami \u015eahin, Nuri Al\u00e7o, Ayd\u0131n Ayd\u0131n, Ferman Toprak ve Ahmet Sel\u00e7uk \u0130lkan kat\u0131ld\u0131.<\/p>\n","protected":false},"excerpt":{"rendered":"<p>D\u00fcn \u0130stanbul Bak\u0131rk\u00f6y&#8217;deki evinde hayat\u0131n\u0131 kaybeden sanat\u00e7\u0131 Burhan \u00c7a\u00e7an, son yolculu\u011funa u\u011furland\u0131. \u00c7a\u00e7an&#8217;\u0131n cenaze t\u00f6renine siyaset&#46;&#46;&#46;<\/p>\n","protected":false},"author":2,"featured_media":1590,"comment_status":"open","ping_status":"open","sticky":false,"template":"","format":"standard","meta":{"inline_featured_image":false,"footnotes":""},"categories":[92],"tags":[156,107],"manset":[],"class_list":["post-1588","post","type-post","status-publish","format-standard","has-post-thumbnail","hentry","category-yasam-haberleri","tag-burhan-cacan","tag-ub"],"_links":{"self":[{"href":"https:\/\/www.urfabugun.com\/index.php\/wp-json\/wp\/v2\/posts\/1588","targetHints":{"allow":["GET"]}}],"collection":[{"href":"https:\/\/www.urfabugun.com\/index.php\/wp-json\/wp\/v2\/posts"}],"about":[{"href":"https:\/\/www.urfabugun.com\/index.php\/wp-json\/wp\/v2\/types\/post"}],"author":[{"embeddable":true,"href":"https:\/\/www.urfabugun.com\/index.php\/wp-json\/wp\/v2\/users\/2"}],"replies":[{"embeddable":true,"href":"https:\/\/www.urfabugun.com\/index.php\/wp-json\/wp\/v2\/comments?post=1588"}],"version-history":[{"count":0,"href":"https:\/\/www.urfabugun.com\/index.php\/wp-json\/wp\/v2\/posts\/1588\/revisions"}],"wp:featuredmedia":[{"embeddable":true,"href":"https:\/\/www.urfabugun.com\/index.php\/wp-json\/wp\/v2\/media\/1590"}],"wp:attachment":[{"href":"https:\/\/www.urfabugun.com\/index.php\/wp-json\/wp\/v2\/media?parent=1588"}],"wp:term":[{"taxonomy":"category","embeddable":true,"href":"https:\/\/www.urfabugun.com\/index.php\/wp-json\/wp\/v2\/categories?post=1588"},{"taxonomy":"post_tag","embeddable":true,"href":"https:\/\/www.urfabugun.com\/index.php\/wp-json\/wp\/v2\/tags?post=1588"},{"taxonomy":"manset","embeddable":true,"href":"https:\/\/www.urfabugun.com\/index.php\/wp-json\/wp\/v2\/manset?post=1588"}],"curies":[{"name":"wp","href":"https:\/\/api.w.org\/{rel}","templated":true}]}}