{"id":15911,"date":"2024-07-13T14:11:20","date_gmt":"2024-07-13T11:11:20","guid":{"rendered":"https:\/\/www.urfabugun.com\/?p=15911"},"modified":"2024-07-13T14:11:27","modified_gmt":"2024-07-13T11:11:27","slug":"sanliurfada-5-ilcede-elektrik-kesintisi-olacak","status":"publish","type":"post","link":"https:\/\/www.urfabugun.com\/index.php\/2024\/07\/13\/sanliurfada-5-ilcede-elektrik-kesintisi-olacak\/","title":{"rendered":"\u015eanl\u0131urfa\u2019da 5 \u0130l\u00e7ede Elektrik Kesintisi Olacak!"},"content":{"rendered":"\n<p><\/p>\n\n\n\n<p>\u015eanl\u0131urfa&#8217;da 13 Temmuz 2024 tarihinde 5 il\u00e7ede elektrik kesintisi ya\u015fanacak. Elektrik kesintisi olan il\u00e7elerin tam listesi a\u00e7\u0131kland\u0131.<\/p>\n\n\n\n<p>EYY\u00dcB\u0130YE<\/p>\n\n\n\n<p>Yenice,i Hayati Harran, Ey\u00fcp Nebi, Ey\u00fcpkent, Ruha, S\u00fcleyman\u015fah ve Asya mahallelerinde 09.00 ile 16:00 aras\u0131 elektrik kesintisi olacak<\/p>\n\n\n\n<p>BOZOVA<\/p>\n\n\n\n<p>Ye\u015filova, \u00d6rc\u00fcnl\u00fc, Demircik, K\u00fc\u00e7\u00fckt\u00fclmen, Kesmeta\u015f ,Kabac\u0131k, Dutluca, Ta\u015fan, Seyit\u00f6ren, So\u011fukkuyu, Hisarlar, Balta\u015f, Saluc, Kepirce, Ar\u0131k\u00f6k, Arg\u0131nc\u0131k, \u00dc\u00e7direk, Bulancak, Yasl\u0131ca, M\u00fclk\u00f6ren, K\u0131nd\u0131rali, Tunal\u0131, Alt\u0131nl\u0131, Bu\u011fluca, Eskin, Karap\u0131nar, Konuksever, Avlak, Ba\u011fl\u0131ca, Karaka\u015f, Biris, \u00c7akamakl\u0131, Yavuz Selim ve K\u0131rm\u0131z\u0131p\u0131nar mahallelerinde 09.00 ile 15:00 aras\u0131 elektrik kesintisi olacak<\/p>\n\n\n\n<p>S\u0130VEREK<\/p>\n\n\n\n<p>\u00c7a\u011fa, Konurtepe, Zincirli\u00e7ay, G\u00f6\u011fer\u00e7in, Ta\u015f\u011f\u0131l, A\u015fa\u011f\u0131yalankoz, Has\u0131rl\u0131, A\u015fl\u0131ca, Yumrutepe, Soydan, Karahisar, Yuvar, B\u00fcy\u00fckoba, G\u00f6z\u00e7ek, Az\u0131kl\u0131, Divan, Kalemli, Benek, Bozlak, Beybaba, Ku\u015flug\u00f6l, Karpuzcu, Altayl\u0131, Erbey, Ger\u00e7ek ev D\u00fc\u011ferin mahallelerinde 09.00 ile 15:00 aras\u0131 elektrik kesintisi olacak<\/p>\n\n\n\n<p>H\u0130LVAN<\/p>\n\n\n\n<p>Bah\u00e7elievler, Karacurun, \u00c7imdeli, \u00c7akmak, Kaval\u0131k, S\u00f6\u011f\u00fctl\u00fc, K\u0131rba\u015f\u0131, Hayret, Ovac\u0131k, Ayd\u0131nl\u0131, G\u00fclu\u015fa\u011f\u0131, Ho\u015fin, Gelenek, Org\u0131z, \u00c7at,Ye\u015ferdi, A\u015fa\u011f\u0131k\u00fcl\u00fcn\u00e7e, Oyma\u011fa\u00e7, A\u015fa\u011f\u0131ekece, G\u00fclald\u0131, Yak\u0131nyurt, \u00dc\u00e7\u00fczler,Kovanc\u0131, Mal\u00f6ren, Yedikuyu, Apayd\u0131n ve G\u00f6lgen mahallelerinde 10.00 ile 16:00 aras\u0131 elektrik kesintisi olacak<\/p>\n\n\n\n<p>HAL\u0130L\u0130YE<\/p>\n\n\n\n<p>Kalecik, A\u015fa\u011f\u0131ak\u00f6ren, Kengerli ,A\u015fa\u011f\u0131oymat, Yukar\u0131oymat, Kavakba\u015f\u0131, Tekerli ,Kano\u011flu, Sar\u0131\u015feyh, Orta\u00f6ren, Sayrantepe, A\u015fa\u011f\u0131 \u0130\u00e7kara, Yeroluk, Osmanbey, Yusufkuyu, Ku\u015fluca, Sar\u0131cak, B\u00fcy\u00fckakziyaret, G\u00f6lp\u0131nar ve Yaylac\u0131k mahallelerinde 09.00 ile 18:00 aras\u0131 elektrik kesintisi olacak<\/p>\n","protected":false},"excerpt":{"rendered":"<p>\u015eanl\u0131urfa&#8217;da 13 Temmuz 2024 tarihinde 5 il\u00e7ede elektrik kesintisi ya\u015fanacak. Elektrik kesintisi olan il\u00e7elerin tam listesi&#46;&#46;&#46;<\/p>\n","protected":false},"author":2,"featured_media":14267,"comment_status":"open","ping_status":"open","sticky":false,"template":"","format":"standard","meta":{"inline_featured_image":false,"footnotes":""},"categories":[82],"tags":[118,4641,131,107],"manset":[],"class_list":["post-15911","post","type-post","status-publish","format-standard","has-post-thumbnail","hentry","category-gundem-haberleri","tag-sanliurfa","tag-sanliurfada-5-ilcede-elektrik-kesintisi-olacak","tag-son-dakika","tag-ub"],"_links":{"self":[{"href":"https:\/\/www.urfabugun.com\/index.php\/wp-json\/wp\/v2\/posts\/15911","targetHints":{"allow":["GET"]}}],"collection":[{"href":"https:\/\/www.urfabugun.com\/index.php\/wp-json\/wp\/v2\/posts"}],"about":[{"href":"https:\/\/www.urfabugun.com\/index.php\/wp-json\/wp\/v2\/types\/post"}],"author":[{"embeddable":true,"href":"https:\/\/www.urfabugun.com\/index.php\/wp-json\/wp\/v2\/users\/2"}],"replies":[{"embeddable":true,"href":"https:\/\/www.urfabugun.com\/index.php\/wp-json\/wp\/v2\/comments?post=15911"}],"version-history":[{"count":0,"href":"https:\/\/www.urfabugun.com\/index.php\/wp-json\/wp\/v2\/posts\/15911\/revisions"}],"wp:featuredmedia":[{"embeddable":true,"href":"https:\/\/www.urfabugun.com\/index.php\/wp-json\/wp\/v2\/media\/14267"}],"wp:attachment":[{"href":"https:\/\/www.urfabugun.com\/index.php\/wp-json\/wp\/v2\/media?parent=15911"}],"wp:term":[{"taxonomy":"category","embeddable":true,"href":"https:\/\/www.urfabugun.com\/index.php\/wp-json\/wp\/v2\/categories?post=15911"},{"taxonomy":"post_tag","embeddable":true,"href":"https:\/\/www.urfabugun.com\/index.php\/wp-json\/wp\/v2\/tags?post=15911"},{"taxonomy":"manset","embeddable":true,"href":"https:\/\/www.urfabugun.com\/index.php\/wp-json\/wp\/v2\/manset?post=15911"}],"curies":[{"name":"wp","href":"https:\/\/api.w.org\/{rel}","templated":true}]}}