{"id":15919,"date":"2024-07-13T21:55:41","date_gmt":"2024-07-13T18:55:41","guid":{"rendered":"https:\/\/www.urfabugun.com\/?p=15919"},"modified":"2024-07-13T21:55:48","modified_gmt":"2024-07-13T18:55:48","slug":"sanliurfada-otomobilin-carptigi-cocuk-hayatini-kaybetti","status":"publish","type":"post","link":"https:\/\/www.urfabugun.com\/index.php\/2024\/07\/13\/sanliurfada-otomobilin-carptigi-cocuk-hayatini-kaybetti\/","title":{"rendered":"\u015eanl\u0131urfa\u2019da Otomobilin \u00c7arpt\u0131\u011f\u0131 \u00c7ocuk Hayat\u0131n\u0131 Kaybetti!"},"content":{"rendered":"\n<p><\/p>\n\n\n\n<p><strong>\u015eanl\u0131urfa&#8217;n\u0131n Eyy\u00fcbiye il\u00e7esinde yolun kar\u015f\u0131s\u0131na ge\u00e7meye \u00e7al\u0131\u015fan 4 ya\u015f\u0131ndaki Y\u00fcsra S.\u2019ye otomobil \u00e7arpt\u0131. Hastaneye kald\u0131r\u0131lan k\u00fc\u00e7\u00fck \u00e7ocuk hayat\u0131n\u0131 kaybetti.<\/strong><\/p>\n\n\n\n<p>Kaza, \u015eanl\u0131urfa&#8217;n\u0131n Eyy\u00fcbiye il\u00e7esine ba\u011fl\u0131 Ak\u00e7akale Caddesi&#8217;nde meydana geldi.<\/p>\n\n\n\n<p>\u0130ddiaya g\u00f6re, 34 JT 9400 plakal\u0131 otomobilin s\u00fcr\u00fcc\u00fcs\u00fc M.K., yaya ge\u00e7idinden kar\u015f\u0131ya ge\u00e7meye \u00e7al\u0131\u015fan 4 ya\u015f\u0131ndaki Y\u00fcsra S.&#8217;ye \u00e7arpt\u0131.<\/p>\n\n\n\n<p>\u00c7evredekilerin ihbar\u0131 \u00fczerine olay yerine sa\u011fl\u0131k ve polis ekipleri sevk edildi.<\/p>\n\n\n\n<p>Kazada a\u011f\u0131r yaralanan Y\u00fcsra, olay yerine gelen sa\u011fl\u0131k birimlerinin yapt\u0131klar\u0131 ilk m\u00fcdahalenin ard\u0131ndan ambulansla \u015eanl\u0131urfa E\u011fitim ve Ara\u015ft\u0131rma Hastanesine kald\u0131r\u0131ld\u0131.<br>K\u00fc\u00e7\u00fck \u00e7ocuk hastanede yap\u0131lan t\u00fcm m\u00fcdahalelere ra\u011fmen hayat\u0131n\u0131 kaybetti.<\/p>\n\n\n\n<p>Y\u00fcsra\u2019n\u0131n cenazesi otopsi i\u00e7in \u015eanl\u0131urfa Adli T\u0131p Kurumu morguna kald\u0131r\u0131ld\u0131.<\/p>\n\n\n\n<p>Polis ekipleri olay yerinde inceleme ba\u015flat\u0131rken, kazayla ilgili soru\u015fturma s\u00fcr\u00fcyor.<\/p>\n","protected":false},"excerpt":{"rendered":"<p>\u015eanl\u0131urfa&#8217;n\u0131n Eyy\u00fcbiye il\u00e7esinde yolun kar\u015f\u0131s\u0131na ge\u00e7meye \u00e7al\u0131\u015fan 4 ya\u015f\u0131ndaki Y\u00fcsra S.\u2019ye otomobil \u00e7arpt\u0131. Hastaneye kald\u0131r\u0131lan k\u00fc\u00e7\u00fck&#46;&#46;&#46;<\/p>\n","protected":false},"author":2,"featured_media":15921,"comment_status":"open","ping_status":"open","sticky":false,"template":"","format":"standard","meta":{"inline_featured_image":false,"footnotes":""},"categories":[75],"tags":[184,4643,131,107],"manset":[],"class_list":["post-15919","post","type-post","status-publish","format-standard","has-post-thumbnail","hentry","category-asayis-haberleri","tag-asayis","tag-sanliurfada-otomobilin-carptigi-cocuk-hayatini-kaybetti","tag-son-dakika","tag-ub"],"_links":{"self":[{"href":"https:\/\/www.urfabugun.com\/index.php\/wp-json\/wp\/v2\/posts\/15919","targetHints":{"allow":["GET"]}}],"collection":[{"href":"https:\/\/www.urfabugun.com\/index.php\/wp-json\/wp\/v2\/posts"}],"about":[{"href":"https:\/\/www.urfabugun.com\/index.php\/wp-json\/wp\/v2\/types\/post"}],"author":[{"embeddable":true,"href":"https:\/\/www.urfabugun.com\/index.php\/wp-json\/wp\/v2\/users\/2"}],"replies":[{"embeddable":true,"href":"https:\/\/www.urfabugun.com\/index.php\/wp-json\/wp\/v2\/comments?post=15919"}],"version-history":[{"count":0,"href":"https:\/\/www.urfabugun.com\/index.php\/wp-json\/wp\/v2\/posts\/15919\/revisions"}],"wp:featuredmedia":[{"embeddable":true,"href":"https:\/\/www.urfabugun.com\/index.php\/wp-json\/wp\/v2\/media\/15921"}],"wp:attachment":[{"href":"https:\/\/www.urfabugun.com\/index.php\/wp-json\/wp\/v2\/media?parent=15919"}],"wp:term":[{"taxonomy":"category","embeddable":true,"href":"https:\/\/www.urfabugun.com\/index.php\/wp-json\/wp\/v2\/categories?post=15919"},{"taxonomy":"post_tag","embeddable":true,"href":"https:\/\/www.urfabugun.com\/index.php\/wp-json\/wp\/v2\/tags?post=15919"},{"taxonomy":"manset","embeddable":true,"href":"https:\/\/www.urfabugun.com\/index.php\/wp-json\/wp\/v2\/manset?post=15919"}],"curies":[{"name":"wp","href":"https:\/\/api.w.org\/{rel}","templated":true}]}}