{"id":1592,"date":"2023-01-13T22:36:33","date_gmt":"2023-01-13T19:36:33","guid":{"rendered":"https:\/\/www.urfabugun.com\/?p=1592"},"modified":"2023-01-14T07:38:36","modified_gmt":"2023-01-14T04:38:36","slug":"nehirde-otomobil-bulundu","status":"publish","type":"post","link":"https:\/\/www.urfabugun.com\/index.php\/2023\/01\/13\/nehirde-otomobil-bulundu\/","title":{"rendered":"Nehirde Otomobil Bulundu!"},"content":{"rendered":"\n<p><strong>Sivas&#8217;ta K\u0131z\u0131l\u0131rmak Nehri&#8217;nde suya g\u00f6m\u00fcl\u00fc bulunan ve kazayla suya d\u00fc\u015ft\u00fc\u011f\u00fc san\u0131lan otomobilde kimsenin olmad\u0131\u011f\u0131 belirlendi. Psikolojik sorunlar\u0131 oldu\u011fu belirtilen ara\u00e7 sahibi E.A.&#8217;n\u0131n yak\u0131nlar\u0131na &#8220;Araba g\u00f6lde&#8221; mesaj\u0131n\u0131 g\u00f6nderdi\u011fi tespit edildi.<br><\/strong>Kar\u015f\u0131yaka Mahallesi&#8217;nde K\u0131z\u0131l\u0131rmak k\u00f6pr\u00fcs\u00fc yak\u0131nlar\u0131nda saat 15:30 s\u0131ralar\u0131nda meydana gelen olayda, K\u0131z\u0131l\u0131rmak Nehri yata\u011f\u0131nda, bir k\u0131sm\u0131 suya batm\u0131\u015f haldeki otomobili g\u00f6renler, polise ihbarda bulundu. B\u00f6lgeye polis, sa\u011fl\u0131k, AFAD ve itfaiye ekipleri sevk edildi.<br><strong>&#8220;ARABA G\u00d6LDE, K\u0130M GEL\u0130YORSA GELS\u0130N ALSIN&#8221;<br><\/strong>Ekipler, kazayla suya d\u00fc\u015ft\u00fc\u011f\u00fc san\u0131lan ara\u00e7ta kimsenin olmad\u0131\u011f\u0131n\u0131 belirledi. Polis, 06 CBE 849 plakal\u0131 otomobilin 25 ya\u015f\u0131ndaki E.A.&#8217;ya ait oldu\u011funu tespit etti. Olay yerinde bulunamayan E.A.&#8217;n\u0131n, yak\u0131nlar\u0131na &#8220;Araba g\u00f6lde, kim geliyorsa gelsin als\u0131n&#8221; mesaj\u0131n\u0131 g\u00f6nderdi\u011fi ortaya \u00e7\u0131kt\u0131.<br><strong>SORU\u015eTURMA BA\u015eLATILDI<br><\/strong>Psikolojik sorunlar\u0131 oldu\u011fu belirtilen E.A.&#8217;n\u0131n, arac\u0131 kendisinin suya itmi\u015f olabilece\u011fi ihtimali de\u011ferlendirilirken, soru\u015fturma ba\u015flat\u0131ld\u0131.<\/p>\n","protected":false},"excerpt":{"rendered":"<p>Sivas&#8217;ta K\u0131z\u0131l\u0131rmak Nehri&#8217;nde suya g\u00f6m\u00fcl\u00fc bulunan ve kazayla suya d\u00fc\u015ft\u00fc\u011f\u00fc san\u0131lan otomobilde kimsenin olmad\u0131\u011f\u0131 belirlendi. Psikolojik&#46;&#46;&#46;<\/p>\n","protected":false},"author":2,"featured_media":1594,"comment_status":"open","ping_status":"open","sticky":false,"template":"","format":"standard","meta":{"inline_featured_image":false,"footnotes":""},"categories":[92],"tags":[107],"manset":[],"class_list":["post-1592","post","type-post","status-publish","format-standard","has-post-thumbnail","hentry","category-yasam-haberleri","tag-ub"],"_links":{"self":[{"href":"https:\/\/www.urfabugun.com\/index.php\/wp-json\/wp\/v2\/posts\/1592","targetHints":{"allow":["GET"]}}],"collection":[{"href":"https:\/\/www.urfabugun.com\/index.php\/wp-json\/wp\/v2\/posts"}],"about":[{"href":"https:\/\/www.urfabugun.com\/index.php\/wp-json\/wp\/v2\/types\/post"}],"author":[{"embeddable":true,"href":"https:\/\/www.urfabugun.com\/index.php\/wp-json\/wp\/v2\/users\/2"}],"replies":[{"embeddable":true,"href":"https:\/\/www.urfabugun.com\/index.php\/wp-json\/wp\/v2\/comments?post=1592"}],"version-history":[{"count":0,"href":"https:\/\/www.urfabugun.com\/index.php\/wp-json\/wp\/v2\/posts\/1592\/revisions"}],"wp:featuredmedia":[{"embeddable":true,"href":"https:\/\/www.urfabugun.com\/index.php\/wp-json\/wp\/v2\/media\/1594"}],"wp:attachment":[{"href":"https:\/\/www.urfabugun.com\/index.php\/wp-json\/wp\/v2\/media?parent=1592"}],"wp:term":[{"taxonomy":"category","embeddable":true,"href":"https:\/\/www.urfabugun.com\/index.php\/wp-json\/wp\/v2\/categories?post=1592"},{"taxonomy":"post_tag","embeddable":true,"href":"https:\/\/www.urfabugun.com\/index.php\/wp-json\/wp\/v2\/tags?post=1592"},{"taxonomy":"manset","embeddable":true,"href":"https:\/\/www.urfabugun.com\/index.php\/wp-json\/wp\/v2\/manset?post=1592"}],"curies":[{"name":"wp","href":"https:\/\/api.w.org\/{rel}","templated":true}]}}