{"id":1596,"date":"2023-01-13T22:43:21","date_gmt":"2023-01-13T19:43:21","guid":{"rendered":"https:\/\/www.urfabugun.com\/?p=1596"},"modified":"2023-01-14T07:38:20","modified_gmt":"2023-01-14T04:38:20","slug":"son-resti-babacan-cekti","status":"publish","type":"post","link":"https:\/\/www.urfabugun.com\/index.php\/2023\/01\/13\/son-resti-babacan-cekti\/","title":{"rendered":"Son Resti Babacan \u00c7ekti!"},"content":{"rendered":"\n<p><strong>Alt\u0131l\u0131 Masa&#8217;daki partilerin oy oranlar\u0131yla ilgili polemikler son g\u00fcnlerde s\u0131k s\u0131k g\u00fcndeme geliyor. Ahmet Davuto\u011flu&#8217;nun &#8220;Alt\u0131l\u0131 Masa&#8217;n\u0131n Cumhurba\u015fkan\u0131 &#8216;Kendi karar\u0131m\u0131 uygular\u0131m&#8217; derse kriz \u00e7\u0131kar&#8221; a\u00e7\u0131klamalar\u0131 sonras\u0131 ba\u015flayan ele\u015ftiriler hakk\u0131nda bir yorum da DEVA Partisi lideri Ali Babacan&#8217;dan geldi.<br><\/strong>Gelecek Partisi lideri Ahmet Davuto\u011flu&#8217;nun &#8220;Alt\u0131l\u0131 Masa&#8217;n\u0131n Cumhurba\u015fkan\u0131 &#8216;Kendi karar\u0131m\u0131 uygular\u0131m&#8217; derse kriz \u00e7\u0131kar&#8221; a\u00e7\u0131klamalar\u0131 sonras\u0131, &#8220;Y\u00fczde 1&#8217;lik partinin ba\u015fkan\u0131na bu \u00f6zg\u00fcven nereden geliyor?&#8221; ele\u015ftirileri gelmi\u015fti. DEVA Partisi lideri Ali Babacan&#8217;a da masadaki partilerin e\u015fit olup olmad\u0131\u011f\u0131 soruldu. Babacan, &#8220;Se\u00e7imlerden \u00f6nce hi\u00e7bir partinin se\u00e7imde y\u00fczde ka\u00e7 alaca\u011f\u0131n\u0131 \u00f6nden hesap ederek bir \u00e7al\u0131\u015fma olmaz. E\u011fer \u00f6yle bir \u00e7al\u0131\u015fmayla se\u00e7ime gidilirse o zaman her parti kendi yoluna&#8221; dedi.<br><strong>&#8220;KAR\u015eI OLANLAR VARSA GERE\u011e\u0130N\u0130 YAPALIM&#8221;<br><\/strong>Babacan Medyascop&#8217;ta kat\u0131ld\u0131\u011f\u0131 bir programda, &#8220;Se\u00e7imlerden \u00f6nce hi\u00e7bir partinin se\u00e7imde y\u00fczde ka\u00e7 alaca\u011f\u0131n\u0131 \u00f6nden hesap ederek bir \u00e7al\u0131\u015fma olmaz, \u00f6yle bir \u00e7al\u0131\u015fmayla se\u00e7ime gidilmez. E\u011fer \u00f6yle bir \u00e7al\u0131\u015fmayla se\u00e7ime gidilse o zaman her parti kendi yoluna. Bu partilerin hepsi e\u015fitler olarak Masa&#8217;ya oturmu\u015ftur. Buna kar\u015f\u0131 olanlar varsa hemen s\u00f6ylesin, gere\u011fini yapal\u0131m&#8221; dedi.<br><strong>&#8220;BAKANLARI EN AZ 5 YIL ME\u015eGUL EDECEK EV \u00d6DEV\u0130 VAR&#8221;<br><\/strong>Kurulduklar\u0131 ilk g\u00fcnden beri se\u00e7im sonras\u0131na haz\u0131rland\u0131klar\u0131n\u0131 vurgulayan Babacan, &#8220;T\u00fcrkiye tarihinde bunun gibi bir \u00e7al\u0131\u015fma yap\u0131lmad\u0131. 22 tane eylem plan\u0131m\u0131z var. Pazar g\u00fcn\u00fc bunlar\u0131n lansman\u0131n\u0131 yapaca\u011f\u0131z. Se\u00e7imlerden sonra se\u00e7ilecek bakanlar\u0131 en az 5 y\u0131l me\u015fgul edecek ev \u00f6devi var&#8221; diye konu\u015ftu.<\/p>\n","protected":false},"excerpt":{"rendered":"<p>Alt\u0131l\u0131 Masa&#8217;daki partilerin oy oranlar\u0131yla ilgili polemikler son g\u00fcnlerde s\u0131k s\u0131k g\u00fcndeme geliyor. Ahmet Davuto\u011flu&#8217;nun &#8220;Alt\u0131l\u0131&#46;&#46;&#46;<\/p>\n","protected":false},"author":2,"featured_media":1598,"comment_status":"open","ping_status":"open","sticky":false,"template":"","format":"standard","meta":{"inline_featured_image":false,"footnotes":""},"categories":[92],"tags":[159,157,158,107],"manset":[],"class_list":["post-1596","post","type-post","status-publish","format-standard","has-post-thumbnail","hentry","category-yasam-haberleri","tag-6li-masa","tag-ali-bababcan","tag-deva-partisi","tag-ub"],"_links":{"self":[{"href":"https:\/\/www.urfabugun.com\/index.php\/wp-json\/wp\/v2\/posts\/1596","targetHints":{"allow":["GET"]}}],"collection":[{"href":"https:\/\/www.urfabugun.com\/index.php\/wp-json\/wp\/v2\/posts"}],"about":[{"href":"https:\/\/www.urfabugun.com\/index.php\/wp-json\/wp\/v2\/types\/post"}],"author":[{"embeddable":true,"href":"https:\/\/www.urfabugun.com\/index.php\/wp-json\/wp\/v2\/users\/2"}],"replies":[{"embeddable":true,"href":"https:\/\/www.urfabugun.com\/index.php\/wp-json\/wp\/v2\/comments?post=1596"}],"version-history":[{"count":0,"href":"https:\/\/www.urfabugun.com\/index.php\/wp-json\/wp\/v2\/posts\/1596\/revisions"}],"wp:featuredmedia":[{"embeddable":true,"href":"https:\/\/www.urfabugun.com\/index.php\/wp-json\/wp\/v2\/media\/1598"}],"wp:attachment":[{"href":"https:\/\/www.urfabugun.com\/index.php\/wp-json\/wp\/v2\/media?parent=1596"}],"wp:term":[{"taxonomy":"category","embeddable":true,"href":"https:\/\/www.urfabugun.com\/index.php\/wp-json\/wp\/v2\/categories?post=1596"},{"taxonomy":"post_tag","embeddable":true,"href":"https:\/\/www.urfabugun.com\/index.php\/wp-json\/wp\/v2\/tags?post=1596"},{"taxonomy":"manset","embeddable":true,"href":"https:\/\/www.urfabugun.com\/index.php\/wp-json\/wp\/v2\/manset?post=1596"}],"curies":[{"name":"wp","href":"https:\/\/api.w.org\/{rel}","templated":true}]}}