{"id":15987,"date":"2024-07-17T10:57:38","date_gmt":"2024-07-17T07:57:38","guid":{"rendered":"https:\/\/www.urfabugun.com\/?p=15987"},"modified":"2024-07-17T10:57:44","modified_gmt":"2024-07-17T07:57:44","slug":"haliliyede-supheli-olum-evinde-olu-bulundu","status":"publish","type":"post","link":"https:\/\/www.urfabugun.com\/index.php\/2024\/07\/17\/haliliyede-supheli-olum-evinde-olu-bulundu\/","title":{"rendered":"Haliliye&#8217;de \u015e\u00fcpheli \u00d6l\u00fcm: Evinde \u00d6l\u00fc Bulundu!"},"content":{"rendered":"\n<p><\/p>\n\n\n\n<p><strong>\u015eanl\u0131urfa\u2019n\u0131n Haliliye il\u00e7esinde yaln\u0131z ya\u015fayan 60 ya\u015f\u0131ndaki kad\u0131n evinde \u00f6l\u00fc olarak bulundu.<\/strong><\/p>\n\n\n\n<p>Olay, \u015eanl\u0131urfa\u2019n\u0131n Haliliye il\u00e7esi Ba\u011flarba\u015f\u0131 Mahallesi\u2019nde meydana geldi.<\/p>\n\n\n\n<p>\u0130ddiaya g\u00f6re, evde yaln\u0131z ya\u015fayan 60 ya\u015f\u0131ndaki kad\u0131ndan haber alamayan kom\u015fular\u0131 112 ekiplerini arad\u0131.<\/p>\n\n\n\n<p>K\u0131sa s\u00fcrede olay yerine polis ve sa\u011fl\u0131k ekipleri, eve girdiklerinde, ya\u015fl\u0131 kad\u0131n\u0131 evinde hareketsiz halde buldu. Sa\u011fl\u0131k ekiplerinin yapt\u0131\u011f\u0131 inceleme sonucu ya\u015fl\u0131 kad\u0131n\u0131n hayat\u0131n\u0131 kaybetti\u011fi belirlendi.<\/p>\n\n\n\n<p>Olay yeri incelmesinin ard\u0131ndan ya\u015fl\u0131 kad\u0131n\u0131n cans\u0131z bedeni \u00f6l\u00fcm sebebinin belirlenmesi i\u00e7in otopsi yap\u0131lmak \u00fczere adli t\u0131p kurumuna kald\u0131r\u0131ld\u0131.<\/p>\n\n\n\n<p>Olayla ilgili soru\u015fturma ba\u015flat\u0131ld\u0131.<\/p>\n","protected":false},"excerpt":{"rendered":"<p>\u015eanl\u0131urfa\u2019n\u0131n Haliliye il\u00e7esinde yaln\u0131z ya\u015fayan 60 ya\u015f\u0131ndaki kad\u0131n evinde \u00f6l\u00fc olarak bulundu. Olay, \u015eanl\u0131urfa\u2019n\u0131n Haliliye il\u00e7esi&#46;&#46;&#46;<\/p>\n","protected":false},"author":2,"featured_media":15990,"comment_status":"open","ping_status":"open","sticky":false,"template":"","format":"standard","meta":{"inline_featured_image":false,"footnotes":""},"categories":[75],"tags":[4659,118,131,107],"manset":[],"class_list":["post-15987","post","type-post","status-publish","format-standard","has-post-thumbnail","hentry","category-asayis-haberleri","tag-haliliyede-supheli-olum-evinde-olu-bulundu","tag-sanliurfa","tag-son-dakika","tag-ub"],"_links":{"self":[{"href":"https:\/\/www.urfabugun.com\/index.php\/wp-json\/wp\/v2\/posts\/15987","targetHints":{"allow":["GET"]}}],"collection":[{"href":"https:\/\/www.urfabugun.com\/index.php\/wp-json\/wp\/v2\/posts"}],"about":[{"href":"https:\/\/www.urfabugun.com\/index.php\/wp-json\/wp\/v2\/types\/post"}],"author":[{"embeddable":true,"href":"https:\/\/www.urfabugun.com\/index.php\/wp-json\/wp\/v2\/users\/2"}],"replies":[{"embeddable":true,"href":"https:\/\/www.urfabugun.com\/index.php\/wp-json\/wp\/v2\/comments?post=15987"}],"version-history":[{"count":0,"href":"https:\/\/www.urfabugun.com\/index.php\/wp-json\/wp\/v2\/posts\/15987\/revisions"}],"wp:featuredmedia":[{"embeddable":true,"href":"https:\/\/www.urfabugun.com\/index.php\/wp-json\/wp\/v2\/media\/15990"}],"wp:attachment":[{"href":"https:\/\/www.urfabugun.com\/index.php\/wp-json\/wp\/v2\/media?parent=15987"}],"wp:term":[{"taxonomy":"category","embeddable":true,"href":"https:\/\/www.urfabugun.com\/index.php\/wp-json\/wp\/v2\/categories?post=15987"},{"taxonomy":"post_tag","embeddable":true,"href":"https:\/\/www.urfabugun.com\/index.php\/wp-json\/wp\/v2\/tags?post=15987"},{"taxonomy":"manset","embeddable":true,"href":"https:\/\/www.urfabugun.com\/index.php\/wp-json\/wp\/v2\/manset?post=15987"}],"curies":[{"name":"wp","href":"https:\/\/api.w.org\/{rel}","templated":true}]}}