{"id":16044,"date":"2024-07-19T11:37:32","date_gmt":"2024-07-19T08:37:32","guid":{"rendered":"https:\/\/www.urfabugun.com\/?p=16044"},"modified":"2024-07-19T11:37:39","modified_gmt":"2024-07-19T08:37:39","slug":"buyuksehir-belediyesinden-zabita-ve-esnaf-tartismasina-iliskin-aciklama","status":"publish","type":"post","link":"https:\/\/www.urfabugun.com\/index.php\/2024\/07\/19\/buyuksehir-belediyesinden-zabita-ve-esnaf-tartismasina-iliskin-aciklama\/","title":{"rendered":"B\u00fcy\u00fck\u015fehir Belediyesinden Zab\u0131ta ve Esnaf Tart\u0131\u015fmas\u0131na \u0130li\u015fkin A\u00e7\u0131klama!"},"content":{"rendered":"\n<p><\/p>\n\n\n\n<p><strong>\u015eanl\u0131urfa B\u00fcy\u00fck\u015fehir Belediyesi, A\u00e7\u0131ksu Caddesinde \u00e7ok say\u0131da ki\u015finin yaraland\u0131\u011f\u0131 zab\u0131talar ve esnaf kavgas\u0131na ili\u015fkin \u00f6nemli a\u00e7\u0131klamada bulundu.<\/strong><\/p>\n\n\n\n<p>Bug\u00fcn Haliliye il\u00e7esi A\u00e7\u0131ksu Caddesinde esnaf ile zab\u0131talar aras\u0131nda ya\u015fanan tart\u0131\u015fma kavgaya d\u00f6n\u00fc\u015ft\u00fc.Polis ekiplerinin m\u00fcdahalesi sonucu zorla sonland\u0131r\u0131lan kavgada aralar\u0131nda zab\u0131talaran da bulundu\u011fu 15 ki\u015fi yaraland\u0131.<\/p>\n\n\n\n<p>A\u00e7\u0131klamada \u015fu ifadelere yer verildi:\u015eanl\u0131urfa B\u00fcy\u00fck\u015fehir Belediyesi Zab\u0131ta Ekiplerimizce; Hem\u015fehrilerimizin hassasiyeti \u00f6n planda tutularak ilimiz genelinde ger\u00e7ekle\u015ftirilen \u2018Yol ve Kald\u0131r\u0131m \u0130\u015fgali\u2019 denetimlerimiz devam ediyor.<\/p>\n\n\n\n<p>Bu ba\u011flamda Merkez Haliliye \u0130l\u00e7esi A\u00e7\u0131ksu Caddesi g\u00fczergah\u0131nda vergi h\u00fck\u00fcml\u00fcl\u00fc\u011f\u00fc ve sat\u0131\u015f izni olmayan, pikap tarz\u0131 ara\u00e7la ana cadde \u00fczerinde sat\u0131\u015f yapan bir \u015fahs\u0131n ayn\u0131 tutumunu devam etti\u011fi g\u00f6zlemlenmi\u015ftir. Mevcut b\u00f6lgede tekrar eden denetimlerde kurallara uymayan \u015fah\u0131s i\u00e7in 5326 Say\u0131l\u0131 Kabahatler Kanununa g\u00f6re cezai i\u015flem uygulanm\u0131\u015f, d\u00fcn terazisine el konulmu\u015ftur.<\/p>\n\n\n\n<p>Bug\u00fcn Belediyemiz Alo 153 hatt\u0131na yap\u0131lan yeni \u015fikayetler \u00fczerine Zab\u0131ta ekiplerimiz saat 14.30 civar\u0131nda tekrar ayn\u0131 adrese intikal ederek ilgili \u015fahsa i\u015fgalinin sonland\u0131r\u0131lmas\u0131n\u0131 istemi\u015ftir.Bu esnada Zab\u0131ta ekiplerimiz, \u015eahs\u0131n s\u00f6zl\u00fc ve fiziki sald\u0131r\u0131s\u0131na u\u011fram\u0131\u015ft\u0131r. Ya\u015fanan mukavemet \u00fczerine Zab\u0131ta Ekiplerimiz kar\u015f\u0131l\u0131k vermi\u015ftir.<\/p>\n\n\n\n<p>Hem\u015fehrilerimizin ve esnaflar\u0131m\u0131z\u0131n da hassasiyetlerini g\u00f6zeterek zab\u0131ta ekiplerimizin yapt\u0131\u011f\u0131 i\u015flemle alakal\u0131 s\u00fcreci yak\u0131ndan takip ediyoruz. Hem adli i\u015flemler hem de B\u00fcy\u00fck\u015fehir belediyemizde idari tahkikat ba\u015flat\u0131lm\u0131\u015ft\u0131r. Konu \u00e7ok y\u00f6nl\u00fc ara\u015ft\u0131r\u0131larak kamuoyu ayd\u0131nlat\u0131lacakt\u0131r.\u201d<\/p>\n","protected":false},"excerpt":{"rendered":"<p>\u015eanl\u0131urfa B\u00fcy\u00fck\u015fehir Belediyesi, A\u00e7\u0131ksu Caddesinde \u00e7ok say\u0131da ki\u015finin yaraland\u0131\u011f\u0131 zab\u0131talar ve esnaf kavgas\u0131na ili\u015fkin \u00f6nemli a\u00e7\u0131klamada&#46;&#46;&#46;<\/p>\n","protected":false},"author":2,"featured_media":16046,"comment_status":"open","ping_status":"open","sticky":false,"template":"","format":"standard","meta":{"inline_featured_image":false,"footnotes":""},"categories":[82],"tags":[118,131,107],"manset":[],"class_list":["post-16044","post","type-post","status-publish","format-standard","has-post-thumbnail","hentry","category-gundem-haberleri","tag-sanliurfa","tag-son-dakika","tag-ub"],"_links":{"self":[{"href":"https:\/\/www.urfabugun.com\/index.php\/wp-json\/wp\/v2\/posts\/16044","targetHints":{"allow":["GET"]}}],"collection":[{"href":"https:\/\/www.urfabugun.com\/index.php\/wp-json\/wp\/v2\/posts"}],"about":[{"href":"https:\/\/www.urfabugun.com\/index.php\/wp-json\/wp\/v2\/types\/post"}],"author":[{"embeddable":true,"href":"https:\/\/www.urfabugun.com\/index.php\/wp-json\/wp\/v2\/users\/2"}],"replies":[{"embeddable":true,"href":"https:\/\/www.urfabugun.com\/index.php\/wp-json\/wp\/v2\/comments?post=16044"}],"version-history":[{"count":0,"href":"https:\/\/www.urfabugun.com\/index.php\/wp-json\/wp\/v2\/posts\/16044\/revisions"}],"wp:featuredmedia":[{"embeddable":true,"href":"https:\/\/www.urfabugun.com\/index.php\/wp-json\/wp\/v2\/media\/16046"}],"wp:attachment":[{"href":"https:\/\/www.urfabugun.com\/index.php\/wp-json\/wp\/v2\/media?parent=16044"}],"wp:term":[{"taxonomy":"category","embeddable":true,"href":"https:\/\/www.urfabugun.com\/index.php\/wp-json\/wp\/v2\/categories?post=16044"},{"taxonomy":"post_tag","embeddable":true,"href":"https:\/\/www.urfabugun.com\/index.php\/wp-json\/wp\/v2\/tags?post=16044"},{"taxonomy":"manset","embeddable":true,"href":"https:\/\/www.urfabugun.com\/index.php\/wp-json\/wp\/v2\/manset?post=16044"}],"curies":[{"name":"wp","href":"https:\/\/api.w.org\/{rel}","templated":true}]}}