{"id":16060,"date":"2024-07-20T11:34:18","date_gmt":"2024-07-20T08:34:18","guid":{"rendered":"https:\/\/www.urfabugun.com\/?p=16060"},"modified":"2024-07-20T11:34:24","modified_gmt":"2024-07-20T08:34:24","slug":"firat-nehrinde-erkek-cesedi-bulundu","status":"publish","type":"post","link":"https:\/\/www.urfabugun.com\/index.php\/2024\/07\/20\/firat-nehrinde-erkek-cesedi-bulundu\/","title":{"rendered":"F\u0131rat Nehrinde Erkek Cesedi Bulundu!"},"content":{"rendered":"\n<p><\/p>\n\n\n\n<p><strong>\u015eanl\u0131urfa\u2019n\u0131n Birecik il\u00e7esinde, F\u0131rat Nehri \u00fczerinde erkek cesedi bulundu.<\/strong><\/p>\n\n\n\n<p>Olay Birecik il\u00e7esine ba\u011fl\u0131 Kelaynak Sahil Yolu&#8217;nda ak\u015fam saatlerinde meydana geldi.<\/p>\n\n\n\n<p>Edinilen bilgilere g\u00f6re Kelaynak Sahil Yolu&#8217;nda y\u00fcr\u00fcy\u00fc\u015f yapan vatanda\u015flar taraf\u0131ndan su \u00fczerinde hareketsiz \u015fekilde yatan bir ki\u015fi fark edildi.&nbsp;<\/p>\n\n\n\n<p>Haber verilmesi \u00fczerine olay yerine sa\u011fl\u0131k ve Jandarma Sahil g\u00fcvenlik g\u00fc\u00e7leri sevk edildi. Sa\u011fl\u0131k ekiplerince yap\u0131lan m\u00fcdahalenin ard\u0131ndan \u015fahs\u0131n hayat\u0131n\u0131 kaybetti\u011fi belirlendi.<\/p>\n\n\n\n<p>\u0130lk incelemelere g\u00f6re cesedin, Gaziantep n\u00fcfusuna kay\u0131tl\u0131 Ali Sinan E. \u0130simli \u015fahsa ait oldu\u011fu belirlendi.<\/p>\n\n\n\n<p>Gaziantep n\u00fcfusuna kay\u0131tl\u0131 oldu\u011fu \u00f6\u011frenilen Ali Sinan E.\u2019nin cesedi otopsisi yap\u0131lmak \u00fczere Birecik Devlet hastanesi morguna kald\u0131r\u0131ld\u0131. Olayla ilgili geni\u015f \u00e7apta inceleme ba\u015flat\u0131ld\u0131. urfahaberler<\/p>\n","protected":false},"excerpt":{"rendered":"<p>\u015eanl\u0131urfa\u2019n\u0131n Birecik il\u00e7esinde, F\u0131rat Nehri \u00fczerinde erkek cesedi bulundu. Olay Birecik il\u00e7esine ba\u011fl\u0131 Kelaynak Sahil Yolu&#8217;nda&#46;&#46;&#46;<\/p>\n","protected":false},"author":2,"featured_media":16062,"comment_status":"open","ping_status":"open","sticky":false,"template":"","format":"standard","meta":{"inline_featured_image":false,"footnotes":""},"categories":[75],"tags":[184,4670,757,131,107],"manset":[],"class_list":["post-16060","post","type-post","status-publish","format-standard","has-post-thumbnail","hentry","category-asayis-haberleri","tag-asayis","tag-firat-nehrinde-erkek-cesedi-bulundu","tag-halfeti","tag-son-dakika","tag-ub"],"_links":{"self":[{"href":"https:\/\/www.urfabugun.com\/index.php\/wp-json\/wp\/v2\/posts\/16060","targetHints":{"allow":["GET"]}}],"collection":[{"href":"https:\/\/www.urfabugun.com\/index.php\/wp-json\/wp\/v2\/posts"}],"about":[{"href":"https:\/\/www.urfabugun.com\/index.php\/wp-json\/wp\/v2\/types\/post"}],"author":[{"embeddable":true,"href":"https:\/\/www.urfabugun.com\/index.php\/wp-json\/wp\/v2\/users\/2"}],"replies":[{"embeddable":true,"href":"https:\/\/www.urfabugun.com\/index.php\/wp-json\/wp\/v2\/comments?post=16060"}],"version-history":[{"count":0,"href":"https:\/\/www.urfabugun.com\/index.php\/wp-json\/wp\/v2\/posts\/16060\/revisions"}],"wp:featuredmedia":[{"embeddable":true,"href":"https:\/\/www.urfabugun.com\/index.php\/wp-json\/wp\/v2\/media\/16062"}],"wp:attachment":[{"href":"https:\/\/www.urfabugun.com\/index.php\/wp-json\/wp\/v2\/media?parent=16060"}],"wp:term":[{"taxonomy":"category","embeddable":true,"href":"https:\/\/www.urfabugun.com\/index.php\/wp-json\/wp\/v2\/categories?post=16060"},{"taxonomy":"post_tag","embeddable":true,"href":"https:\/\/www.urfabugun.com\/index.php\/wp-json\/wp\/v2\/tags?post=16060"},{"taxonomy":"manset","embeddable":true,"href":"https:\/\/www.urfabugun.com\/index.php\/wp-json\/wp\/v2\/manset?post=16060"}],"curies":[{"name":"wp","href":"https:\/\/api.w.org\/{rel}","templated":true}]}}