{"id":16073,"date":"2024-07-22T09:13:46","date_gmt":"2024-07-22T06:13:46","guid":{"rendered":"https:\/\/www.urfabugun.com\/?p=16073"},"modified":"2024-07-22T09:13:52","modified_gmt":"2024-07-22T06:13:52","slug":"sanliurfada-2-cocuk-bogularak-hayatini-kaybetti","status":"publish","type":"post","link":"https:\/\/www.urfabugun.com\/index.php\/2024\/07\/22\/sanliurfada-2-cocuk-bogularak-hayatini-kaybetti\/","title":{"rendered":"\u015eanl\u0131urfa&#8217;da 2 \u00c7ocuk Bo\u011fularak Hayat\u0131n\u0131 Kaybetti!"},"content":{"rendered":"\n<p><\/p>\n\n\n\n<p><strong>\u015eanl\u0131urfa&#8217;n\u0131n Siverek il\u00e7esinde serinlemek i\u00e7in \u00e7aya giren 5 ve 7 ya\u015f\u0131ndaki 2 \u00e7ocuk bo\u011fularak hayat\u0131n\u0131 kaybetti.<\/strong><\/p>\n\n\n\n<p>Olay, \u015eanl\u0131urfa\u2019n\u0131n Siverek il\u00e7esinde bulunan Karahisar \u00c7ay\u0131nda meydana geldi.<\/p>\n\n\n\n<p>\u0130ddiaya g\u00f6re, 5 ya\u015f\u0131ndaki M.K. ile 7 ya\u015f\u0131ndaki Z.K. serinlemek i\u00e7in \u00e7aya girdi. \u00c7ocuklar bir s\u00fcre sonra g\u00f6zden kayboldu. \u00c7evredekiler durumu hemen 112 Acil \u00c7a\u011fr\u0131 Merkezine bildirdi.<\/p>\n\n\n\n<p>\u0130hbar \u00fczerine olay yerine sa\u011fl\u0131k, jandarma, AFAD ve arama kurtarma ekipleri sevk edildi.<\/p>\n\n\n\n<p>Jandarma ekipleri taraf\u0131ndan \u00e7evredekilerin de yard\u0131m\u0131yla y\u00fcr\u00fct\u00fclen \u00e7al\u0131\u015fma sonucu bo\u011fulma tehlikesi ge\u00e7iren 5 ya\u015f\u0131ndaki Mustafa K. ve Zilan K. isimli iki \u00e7ocuk sudan \u00e7\u0131kar\u0131ld\u0131.<\/p>\n\n\n\n<p>Bo\u011fulma tehlikesi ge\u00e7iren 2 \u00e7ocu\u011fa yap\u0131lan \u0130lk m\u00fcdahalenin ard\u0131ndan Viran\u015fehir Devlet Hastanesi&#8217;ne kald\u0131r\u0131ld\u0131. Acil Serviste tedavi alt\u0131na al\u0131nan 2 \u00e7ocuk kurtar\u0131lamad\u0131. 5 ya\u015f\u0131ndaki Mustafa K. ve 7 ya\u015f\u0131ndaki Zilan K.\u2019nin cans\u0131z bedeni, otopsi i\u00e7in \u015eanl\u0131urfa Adli T\u0131p Kurumu morguna g\u00f6t\u00fcr\u00fcld\u00fc.<\/p>\n","protected":false},"excerpt":{"rendered":"<p>\u015eanl\u0131urfa&#8217;n\u0131n Siverek il\u00e7esinde serinlemek i\u00e7in \u00e7aya giren 5 ve 7 ya\u015f\u0131ndaki 2 \u00e7ocuk bo\u011fularak hayat\u0131n\u0131 kaybetti.&#46;&#46;&#46;<\/p>\n","protected":false},"author":2,"featured_media":16075,"comment_status":"open","ping_status":"open","sticky":false,"template":"","format":"standard","meta":{"inline_featured_image":false,"footnotes":""},"categories":[75],"tags":[184,4672,131,107],"manset":[],"class_list":["post-16073","post","type-post","status-publish","format-standard","has-post-thumbnail","hentry","category-asayis-haberleri","tag-asayis","tag-sanliurfada-2-cocuk-bogularak-hayatini-kaybetti","tag-son-dakika","tag-ub"],"_links":{"self":[{"href":"https:\/\/www.urfabugun.com\/index.php\/wp-json\/wp\/v2\/posts\/16073","targetHints":{"allow":["GET"]}}],"collection":[{"href":"https:\/\/www.urfabugun.com\/index.php\/wp-json\/wp\/v2\/posts"}],"about":[{"href":"https:\/\/www.urfabugun.com\/index.php\/wp-json\/wp\/v2\/types\/post"}],"author":[{"embeddable":true,"href":"https:\/\/www.urfabugun.com\/index.php\/wp-json\/wp\/v2\/users\/2"}],"replies":[{"embeddable":true,"href":"https:\/\/www.urfabugun.com\/index.php\/wp-json\/wp\/v2\/comments?post=16073"}],"version-history":[{"count":0,"href":"https:\/\/www.urfabugun.com\/index.php\/wp-json\/wp\/v2\/posts\/16073\/revisions"}],"wp:featuredmedia":[{"embeddable":true,"href":"https:\/\/www.urfabugun.com\/index.php\/wp-json\/wp\/v2\/media\/16075"}],"wp:attachment":[{"href":"https:\/\/www.urfabugun.com\/index.php\/wp-json\/wp\/v2\/media?parent=16073"}],"wp:term":[{"taxonomy":"category","embeddable":true,"href":"https:\/\/www.urfabugun.com\/index.php\/wp-json\/wp\/v2\/categories?post=16073"},{"taxonomy":"post_tag","embeddable":true,"href":"https:\/\/www.urfabugun.com\/index.php\/wp-json\/wp\/v2\/tags?post=16073"},{"taxonomy":"manset","embeddable":true,"href":"https:\/\/www.urfabugun.com\/index.php\/wp-json\/wp\/v2\/manset?post=16073"}],"curies":[{"name":"wp","href":"https:\/\/api.w.org\/{rel}","templated":true}]}}