{"id":16097,"date":"2024-07-22T12:31:52","date_gmt":"2024-07-22T09:31:52","guid":{"rendered":"https:\/\/www.urfabugun.com\/?p=16097"},"modified":"2024-07-22T12:31:59","modified_gmt":"2024-07-22T09:31:59","slug":"haremlik-selamlik-uygulama-kadin-erkek-duraklari-ayrildi","status":"publish","type":"post","link":"https:\/\/www.urfabugun.com\/index.php\/2024\/07\/22\/haremlik-selamlik-uygulama-kadin-erkek-duraklari-ayrildi\/","title":{"rendered":"Haremlik Selaml\u0131k Uygulama: Kad\u0131n Erkek Duraklar\u0131 Ayr\u0131ld\u0131!"},"content":{"rendered":"\n<p><\/p>\n\n\n\n<p><strong>Ad\u0131yaman&#8217;da Menzil cemaatinin k\u00f6y\u00fcnde otob\u00fcs duraklar\u0131 kad\u0131n-erkek \u015feklinde ayr\u0131ld\u0131.<\/strong><\/p>\n\n\n\n<p>Menzil Cemaatinin Ad\u0131yaman&#8217;daki k\u00f6y\u00fcnde kad\u0131n ve erkekler i\u00e7in otob\u00fcs duraklar\u0131n\u0131n ayr\u0131ld\u0131\u011f\u0131 ortaya \u00e7\u0131kt\u0131. Ayr\u0131ca otob\u00fcslere kad\u0131nlarla erkeklerin ayr\u0131 kap\u0131lardan bindi\u011fi \u00f6\u011frenildi. Peki, Ad\u0131yaman Menzil&#8217;de ne oldu? Olay ne?<\/p>\n\n\n\n<p><strong>ADIYAMAN MEZ\u0130L&#8217;DE NE OLDU?<\/strong><\/p>\n\n\n\n<p>Menzil cemaatinin Ad\u0131yaman&#8217;daki k\u00f6y\u00fcnde tart\u0131\u015fma yaratan bir uygulamaya ge\u00e7ildi. K\u00f6yde otob\u00fcs duraklar\u0131 kad\u0131n ve erkek \u015feklinde ayr\u0131ld\u0131. Payla\u015f\u0131lan foto\u011fraflarda kad\u0131nlarla erkeklerin ayr\u0131 duraklarda bekledi\u011fi g\u00f6r\u00fcld\u00fc.<\/p>\n\n\n\n<p><strong>OLAY NE?<\/strong><\/p>\n\n\n\n<p>Haremlik-selaml\u0131k uygulamas\u0131 bununla da s\u0131n\u0131rl\u0131 kalmad\u0131. Kad\u0131n ve erkeklerin otob\u00fcslere de ayr\u0131 kap\u0131lardan inip bindi\u011fi ortaya \u00e7\u0131kt\u0131. Kad\u0131nlar\u0131n arka kap\u0131dan, erkeklerin ise \u00f6n kap\u0131dan otob\u00fcse bindi\u011fi \u00f6\u011frenildi. Cemaate yak\u0131n Buhara Evleri sitesinde, kad\u0131n ve erkeklerin otob\u00fcste de kendilerine ayr\u0131lan alanda seyahat ettikleri bilgisi payla\u015f\u0131ld\u0131.<\/p>\n\n\n\n<p>Kaynak: haberler. com<\/p>\n","protected":false},"excerpt":{"rendered":"<p>Ad\u0131yaman&#8217;da Menzil cemaatinin k\u00f6y\u00fcnde otob\u00fcs duraklar\u0131 kad\u0131n-erkek \u015feklinde ayr\u0131ld\u0131. Menzil Cemaatinin Ad\u0131yaman&#8217;daki k\u00f6y\u00fcnde kad\u0131n ve erkekler&#46;&#46;&#46;<\/p>\n","protected":false},"author":2,"featured_media":16099,"comment_status":"open","ping_status":"open","sticky":false,"template":"","format":"standard","meta":{"inline_featured_image":false,"footnotes":""},"categories":[82],"tags":[404,4680,131,107,93],"manset":[],"class_list":["post-16097","post","type-post","status-publish","format-standard","has-post-thumbnail","hentry","category-gundem-haberleri","tag-adiyaman","tag-haremlik-selamlik-uygulama-kadin-erkek-duraklari-ayrildi","tag-son-dakika","tag-ub","tag-ust"],"_links":{"self":[{"href":"https:\/\/www.urfabugun.com\/index.php\/wp-json\/wp\/v2\/posts\/16097","targetHints":{"allow":["GET"]}}],"collection":[{"href":"https:\/\/www.urfabugun.com\/index.php\/wp-json\/wp\/v2\/posts"}],"about":[{"href":"https:\/\/www.urfabugun.com\/index.php\/wp-json\/wp\/v2\/types\/post"}],"author":[{"embeddable":true,"href":"https:\/\/www.urfabugun.com\/index.php\/wp-json\/wp\/v2\/users\/2"}],"replies":[{"embeddable":true,"href":"https:\/\/www.urfabugun.com\/index.php\/wp-json\/wp\/v2\/comments?post=16097"}],"version-history":[{"count":0,"href":"https:\/\/www.urfabugun.com\/index.php\/wp-json\/wp\/v2\/posts\/16097\/revisions"}],"wp:featuredmedia":[{"embeddable":true,"href":"https:\/\/www.urfabugun.com\/index.php\/wp-json\/wp\/v2\/media\/16099"}],"wp:attachment":[{"href":"https:\/\/www.urfabugun.com\/index.php\/wp-json\/wp\/v2\/media?parent=16097"}],"wp:term":[{"taxonomy":"category","embeddable":true,"href":"https:\/\/www.urfabugun.com\/index.php\/wp-json\/wp\/v2\/categories?post=16097"},{"taxonomy":"post_tag","embeddable":true,"href":"https:\/\/www.urfabugun.com\/index.php\/wp-json\/wp\/v2\/tags?post=16097"},{"taxonomy":"manset","embeddable":true,"href":"https:\/\/www.urfabugun.com\/index.php\/wp-json\/wp\/v2\/manset?post=16097"}],"curies":[{"name":"wp","href":"https:\/\/api.w.org\/{rel}","templated":true}]}}