{"id":16130,"date":"2024-07-22T19:48:18","date_gmt":"2024-07-22T16:48:18","guid":{"rendered":"https:\/\/www.urfabugun.com\/?p=16130"},"modified":"2024-07-22T19:48:25","modified_gmt":"2024-07-22T16:48:25","slug":"emeklilerin-fark-odemesi-cuma-gunu-yapilacak","status":"publish","type":"post","link":"https:\/\/www.urfabugun.com\/index.php\/2024\/07\/22\/emeklilerin-fark-odemesi-cuma-gunu-yapilacak\/","title":{"rendered":"Emeklilerin Fark \u00d6demesi Cuma G\u00fcn\u00fc Yap\u0131lacak!"},"content":{"rendered":"\n<p><\/p>\n\n\n\n<p><strong>Emekli Sand\u0131\u011f\u0131 kapsam\u0131nda emekli, malul, vazife malul\u00fc, dul veya yetim ayl\u0131\u011f\u0131 alanlar\u0131n temmuz d\u00f6nemi zam farklar\u0131n\u0131n \u00f6demesi 26 Temmuz Cuma g\u00fcn\u00fc yap\u0131lacak.<\/strong><\/p>\n\n\n\n<p>Sosyal G\u00fcvenlik Kurumu&#8217;ndan yap\u0131lan yaz\u0131l\u0131 a\u00e7\u0131klamada, Emekli Sand\u0131\u011f\u0131 kapsam\u0131nda ayl\u0131k alanlar\u0131n temmuz d\u00f6nemi zam farklar\u0131n\u0131n cuma g\u00fcn\u00fc \u00f6denece\u011fi bildirildi.<\/p>\n\n\n\n<p>Kurumdan yap\u0131lan a\u00e7\u0131klamada \u015funlar kaydedildi;<\/p>\n\n\n\n<p>Emekli sand\u0131\u011f\u0131 kapsam\u0131nda emekli, malul, vazife malul\u00fc, dul veya yetim ayl\u0131\u011f\u0131 alan toplam 2 milyon 441 bin 795 ki\u015finin 1 Temmuz 2024 tarihinden ge\u00e7erli olmak \u00fczere ayl\u0131klar\u0131nda olu\u015fan fark tutarlar\u0131, ayl\u0131k almakta olduklar\u0131 banka ve PTT \u015fubelerindeki hesaplar\u0131na g\u00f6nderilerek 26 Temmuz 2024 tarihinde \u00f6denecektir.<\/p>\n\n\n\n<p>Buna g\u00f6re, ayl\u0131klar\u0131n\u0131 her ay alanlara; Temmuz ay\u0131 olmak \u00fczere 1 ayl\u0131k maa\u015f fark\u0131 tutar\u0131nda, ayl\u0131klar\u0131n\u0131 \u00fc\u00e7er ayl\u0131klar halinde almakta olanlardan;&nbsp; may\u0131s-haziran-temmuz d\u00f6neminde ayl\u0131k alanlara, temmuz ay\u0131 olmak ezere 1 ayl\u0131k maa\u015f fark\u0131 tutar\u0131nda, ikinci grupta haziran-temmuz-a\u011fustos d\u00f6neminde ayl\u0131k alanlara, temmuz ve a\u011fustos aylar\u0131 olmak \u00fczere 2 ayl\u0131k maa\u015f fark\u0131 tutar\u0131nda, \u00fc\u00e7\u00fcnc\u00fc grupta temmuz-a\u011fustos-eyl\u00fcl d\u00f6neminde ayl\u0131k alanlara, temmuz, a\u011fustos ve eyl\u00fcl aylar\u0131 olmak \u00fczere 3 ayl\u0131k maa\u015f fark\u0131 tutar\u0131nda tahakkuk ettirilmi\u015ftir. Toplam fark \u00f6demesi tutar\u0131 11 milyar lirad\u0131r.<\/p>\n","protected":false},"excerpt":{"rendered":"<p>Emekli Sand\u0131\u011f\u0131 kapsam\u0131nda emekli, malul, vazife malul\u00fc, dul veya yetim ayl\u0131\u011f\u0131 alanlar\u0131n temmuz d\u00f6nemi zam farklar\u0131n\u0131n&#46;&#46;&#46;<\/p>\n","protected":false},"author":2,"featured_media":16132,"comment_status":"open","ping_status":"open","sticky":false,"template":"","format":"standard","meta":{"inline_featured_image":false,"footnotes":""},"categories":[82],"tags":[1013,118,131,107,93,142],"manset":[],"class_list":["post-16130","post","type-post","status-publish","format-standard","has-post-thumbnail","hentry","category-gundem-haberleri","tag-emekli","tag-sanliurfa","tag-son-dakika","tag-ub","tag-ust","tag-zam"],"_links":{"self":[{"href":"https:\/\/www.urfabugun.com\/index.php\/wp-json\/wp\/v2\/posts\/16130","targetHints":{"allow":["GET"]}}],"collection":[{"href":"https:\/\/www.urfabugun.com\/index.php\/wp-json\/wp\/v2\/posts"}],"about":[{"href":"https:\/\/www.urfabugun.com\/index.php\/wp-json\/wp\/v2\/types\/post"}],"author":[{"embeddable":true,"href":"https:\/\/www.urfabugun.com\/index.php\/wp-json\/wp\/v2\/users\/2"}],"replies":[{"embeddable":true,"href":"https:\/\/www.urfabugun.com\/index.php\/wp-json\/wp\/v2\/comments?post=16130"}],"version-history":[{"count":0,"href":"https:\/\/www.urfabugun.com\/index.php\/wp-json\/wp\/v2\/posts\/16130\/revisions"}],"wp:featuredmedia":[{"embeddable":true,"href":"https:\/\/www.urfabugun.com\/index.php\/wp-json\/wp\/v2\/media\/16132"}],"wp:attachment":[{"href":"https:\/\/www.urfabugun.com\/index.php\/wp-json\/wp\/v2\/media?parent=16130"}],"wp:term":[{"taxonomy":"category","embeddable":true,"href":"https:\/\/www.urfabugun.com\/index.php\/wp-json\/wp\/v2\/categories?post=16130"},{"taxonomy":"post_tag","embeddable":true,"href":"https:\/\/www.urfabugun.com\/index.php\/wp-json\/wp\/v2\/tags?post=16130"},{"taxonomy":"manset","embeddable":true,"href":"https:\/\/www.urfabugun.com\/index.php\/wp-json\/wp\/v2\/manset?post=16130"}],"curies":[{"name":"wp","href":"https:\/\/api.w.org\/{rel}","templated":true}]}}