{"id":16151,"date":"2024-07-23T11:36:28","date_gmt":"2024-07-23T08:36:28","guid":{"rendered":"https:\/\/www.urfabugun.com\/?p=16151"},"modified":"2024-07-23T11:36:35","modified_gmt":"2024-07-23T08:36:35","slug":"akcakalede-elektrik-akimina-kapilan-anne-kiz-hayatini-kaybetti","status":"publish","type":"post","link":"https:\/\/www.urfabugun.com\/index.php\/2024\/07\/23\/akcakalede-elektrik-akimina-kapilan-anne-kiz-hayatini-kaybetti\/","title":{"rendered":"Ak\u00e7akale\u2019de Elektrik Ak\u0131m\u0131na Kap\u0131lan Anne K\u0131z Hayat\u0131n\u0131 Kaybetti!"},"content":{"rendered":"\n<p><\/p>\n\n\n\n<p><strong>\u015eanl\u0131urfa\u2019n\u0131n Ak\u00e7akale il\u00e7esinde elektrik ak\u0131m\u0131na kap\u0131lan anne k\u0131z hayat\u0131n\u0131 kaybetti.<\/strong><\/p>\n\n\n\n<p>Olay, \u015eanl\u0131urfa\u2019n\u0131n Ak\u00e7akale il\u00e7esinde bulunan Ak\u00e7al\u0131 Mahallesinde sabaha kar\u015f\u0131 saat 04:00 sular\u0131nda meydana geldi.<\/p>\n\n\n\n<p>\u0130ddiaya g\u00f6re, 50 ya\u015f\u0131ndaki anne Zehra Elesli ve 15 ya\u015f\u0131ndaki k\u0131z\u0131 Hatun Elesli hen\u00fcz bilinmeyen bir nedenle elektrik ak\u0131m\u0131na kap\u0131ld\u0131.<\/p>\n\n\n\n<p>\u00c7evredekilerin ihbar\u0131 \u00fczerine olay yerine sa\u011fl\u0131k ve jandarma ekipleri sevk edildi.<\/p>\n\n\n\n<p>\u0130hbar \u00fczerine olay yerine gelen sa\u011fl\u0131k birimleri anne k\u0131za yapt\u0131klar\u0131 ilk m\u00fcdahalede hayat\u0131n\u0131 kaybetti\u011fini belirledi.<\/p>\n\n\n\n<p>&nbsp;Anne k\u0131z\u0131n cans\u0131z bedenleri otopsi i\u00e7in \u015eanl\u0131urfa Adli T\u0131p Kurumu morguna getirildi.<\/p>\n\n\n\n<p>Olayla ilgili soru\u015fturma ba\u015flat\u0131ld\u0131.<\/p>\n","protected":false},"excerpt":{"rendered":"<p>\u015eanl\u0131urfa\u2019n\u0131n Ak\u00e7akale il\u00e7esinde elektrik ak\u0131m\u0131na kap\u0131lan anne k\u0131z hayat\u0131n\u0131 kaybetti. Olay, \u015eanl\u0131urfa\u2019n\u0131n Ak\u00e7akale il\u00e7esinde bulunan Ak\u00e7al\u0131&#46;&#46;&#46;<\/p>\n","protected":false},"author":2,"featured_media":16153,"comment_status":"open","ping_status":"open","sticky":false,"template":"","format":"standard","meta":{"inline_featured_image":false,"footnotes":""},"categories":[75],"tags":[4691,184,131,107],"manset":[],"class_list":["post-16151","post","type-post","status-publish","format-standard","has-post-thumbnail","hentry","category-asayis-haberleri","tag-akcakalede-elektrik-akimina-kapilan-anne-kiz-hayatini-kaybetti","tag-asayis","tag-son-dakika","tag-ub"],"_links":{"self":[{"href":"https:\/\/www.urfabugun.com\/index.php\/wp-json\/wp\/v2\/posts\/16151","targetHints":{"allow":["GET"]}}],"collection":[{"href":"https:\/\/www.urfabugun.com\/index.php\/wp-json\/wp\/v2\/posts"}],"about":[{"href":"https:\/\/www.urfabugun.com\/index.php\/wp-json\/wp\/v2\/types\/post"}],"author":[{"embeddable":true,"href":"https:\/\/www.urfabugun.com\/index.php\/wp-json\/wp\/v2\/users\/2"}],"replies":[{"embeddable":true,"href":"https:\/\/www.urfabugun.com\/index.php\/wp-json\/wp\/v2\/comments?post=16151"}],"version-history":[{"count":0,"href":"https:\/\/www.urfabugun.com\/index.php\/wp-json\/wp\/v2\/posts\/16151\/revisions"}],"wp:featuredmedia":[{"embeddable":true,"href":"https:\/\/www.urfabugun.com\/index.php\/wp-json\/wp\/v2\/media\/16153"}],"wp:attachment":[{"href":"https:\/\/www.urfabugun.com\/index.php\/wp-json\/wp\/v2\/media?parent=16151"}],"wp:term":[{"taxonomy":"category","embeddable":true,"href":"https:\/\/www.urfabugun.com\/index.php\/wp-json\/wp\/v2\/categories?post=16151"},{"taxonomy":"post_tag","embeddable":true,"href":"https:\/\/www.urfabugun.com\/index.php\/wp-json\/wp\/v2\/tags?post=16151"},{"taxonomy":"manset","embeddable":true,"href":"https:\/\/www.urfabugun.com\/index.php\/wp-json\/wp\/v2\/manset?post=16151"}],"curies":[{"name":"wp","href":"https:\/\/api.w.org\/{rel}","templated":true}]}}