{"id":16159,"date":"2024-07-23T17:35:54","date_gmt":"2024-07-23T14:35:54","guid":{"rendered":"https:\/\/www.urfabugun.com\/?p=16159"},"modified":"2024-07-23T17:36:15","modified_gmt":"2024-07-23T14:36:15","slug":"sanliurfada-coban-kadinin-cesedi-sulama-kanalinda-bulundu","status":"publish","type":"post","link":"https:\/\/www.urfabugun.com\/index.php\/2024\/07\/23\/sanliurfada-coban-kadinin-cesedi-sulama-kanalinda-bulundu\/","title":{"rendered":"\u015eanl\u0131urfa\u2019da \u00c7oban Kad\u0131n\u0131n Cesedi Sulama Kanal\u0131nda Bulundu!"},"content":{"rendered":"\n<p><\/p>\n\n\n\n<p><strong>\u015eanl\u0131urfa\u2019n\u0131n Eyy\u00fcbiye il\u00e7esinde DS\u0130 ait sulama kanal\u0131ndan bir kad\u0131n cesedi bulundu.<\/strong><\/p>\n\n\n\n<p>Olay, \u015eanl\u0131urfa\u2019n\u0131n Eyy\u00fcbiye il\u00e7esi k\u0131rsal K\u00f6pr\u00fcl\u00fck Mahallesi\u2019nde meydana geldi. \u0130ddiaya g\u00f6re, Mahallenin yak\u0131nlar\u0131ndan ge\u00e7en DS\u0130&#8217;ye ait sulama kanal\u0131nda bir ceset g\u00f6renler, durumu jandarma ve sa\u011fl\u0131k ekiplerine bildirdi.<\/p>\n\n\n\n<p>Olay yerine gelen jandarma ve su alt\u0131 polis ekibi, cesedi sudan \u00e7\u0131karmak i\u00e7in \u00e7al\u0131\u015fma ba\u015flatt\u0131. Kanala giren su alt\u0131 polis ekibi, bir kad\u0131na ait oldu\u011fu belirlenen cesedi, sudan \u00e7\u0131kard\u0131.<\/p>\n\n\n\n<p><strong>\u00c7OBAN KADININ CANSIZ BEDEN\u0130 BULUNDU<\/strong><\/p>\n\n\n\n<p>Yap\u0131lan incelmede sudan \u00e7\u0131kar\u0131lan cesedin K\u00f6pr\u00fcl\u00fck Mahallesinde ikamet eden Rahime Demira\u011f\u0131\u2019na (39) oldu\u011fu, kad\u0131n\u0131n bug\u00fcn sabah saat 07: 00 s\u0131ralar\u0131nda koyunlar\u0131 otlatmak i\u00e7in evden \u00e7\u0131kt\u0131\u011f\u0131, bir daha kendisinden haber al\u0131namad\u0131\u011f\u0131 ihbar\u0131 al\u0131nd\u0131\u011f\u0131 \u00f6\u011frenildi.<\/p>\n\n\n\n<p>Daha sonra yap\u0131lan aramalar sonucunda kad\u0131n\u0131n terliklerinin ve sopas\u0131n\u0131n kanal\u0131n kenar\u0131nda bulundu\u011fu, bunun \u00fczerine aramalar \u00e7al\u0131\u015fmalar\u0131 ba\u015flat\u0131ld\u0131.<\/p>\n\n\n\n<p>Sudan \u00e7\u0131kar\u0131lan kad\u0131n\u0131n cesedi otopsi yap\u0131lmak \u00fczerine adli t\u0131p kurumuna kald\u0131r\u0131ld\u0131.<\/p>\n","protected":false},"excerpt":{"rendered":"<p>\u015eanl\u0131urfa\u2019n\u0131n Eyy\u00fcbiye il\u00e7esinde DS\u0130 ait sulama kanal\u0131ndan bir kad\u0131n cesedi bulundu. Olay, \u015eanl\u0131urfa\u2019n\u0131n Eyy\u00fcbiye il\u00e7esi k\u0131rsal&#46;&#46;&#46;<\/p>\n","protected":false},"author":2,"featured_media":16161,"comment_status":"open","ping_status":"open","sticky":false,"template":"","format":"standard","meta":{"inline_featured_image":false,"footnotes":""},"categories":[75],"tags":[184,4693,131,107],"manset":[],"class_list":["post-16159","post","type-post","status-publish","format-standard","has-post-thumbnail","hentry","category-asayis-haberleri","tag-asayis","tag-sanliurfada-coban-kadinin-cesedi-sulama-kanalinda-bulundu","tag-son-dakika","tag-ub"],"_links":{"self":[{"href":"https:\/\/www.urfabugun.com\/index.php\/wp-json\/wp\/v2\/posts\/16159","targetHints":{"allow":["GET"]}}],"collection":[{"href":"https:\/\/www.urfabugun.com\/index.php\/wp-json\/wp\/v2\/posts"}],"about":[{"href":"https:\/\/www.urfabugun.com\/index.php\/wp-json\/wp\/v2\/types\/post"}],"author":[{"embeddable":true,"href":"https:\/\/www.urfabugun.com\/index.php\/wp-json\/wp\/v2\/users\/2"}],"replies":[{"embeddable":true,"href":"https:\/\/www.urfabugun.com\/index.php\/wp-json\/wp\/v2\/comments?post=16159"}],"version-history":[{"count":0,"href":"https:\/\/www.urfabugun.com\/index.php\/wp-json\/wp\/v2\/posts\/16159\/revisions"}],"wp:featuredmedia":[{"embeddable":true,"href":"https:\/\/www.urfabugun.com\/index.php\/wp-json\/wp\/v2\/media\/16161"}],"wp:attachment":[{"href":"https:\/\/www.urfabugun.com\/index.php\/wp-json\/wp\/v2\/media?parent=16159"}],"wp:term":[{"taxonomy":"category","embeddable":true,"href":"https:\/\/www.urfabugun.com\/index.php\/wp-json\/wp\/v2\/categories?post=16159"},{"taxonomy":"post_tag","embeddable":true,"href":"https:\/\/www.urfabugun.com\/index.php\/wp-json\/wp\/v2\/tags?post=16159"},{"taxonomy":"manset","embeddable":true,"href":"https:\/\/www.urfabugun.com\/index.php\/wp-json\/wp\/v2\/manset?post=16159"}],"curies":[{"name":"wp","href":"https:\/\/api.w.org\/{rel}","templated":true}]}}