{"id":16186,"date":"2024-07-24T10:05:20","date_gmt":"2024-07-24T07:05:20","guid":{"rendered":"https:\/\/www.urfabugun.com\/?p=16186"},"modified":"2024-07-24T10:05:28","modified_gmt":"2024-07-24T07:05:28","slug":"sanliurfada-27-yasinda-ki-genc-serinlemek-isterken-canindan-oldu","status":"publish","type":"post","link":"https:\/\/www.urfabugun.com\/index.php\/2024\/07\/24\/sanliurfada-27-yasinda-ki-genc-serinlemek-isterken-canindan-oldu\/","title":{"rendered":"\u015eanl\u0131urfa\u2019da 27 Ya\u015f\u0131nda ki Gen\u00e7 Serinlemek \u0130sterken Can\u0131ndan Oldu!"},"content":{"rendered":"\n<p><\/p>\n\n\n\n<p><strong>\u015eanl\u0131urfa\u2019n\u0131n Haliliye il\u00e7esinde serinlemek i\u00e7in suya giren 27 ya\u015f\u0131ndaki \u015e.Y. isimli gen\u00e7 ak\u0131nt\u0131ya kap\u0131larak bo\u011fuldu.<\/strong><\/p>\n\n\n\n<p>Olay, \u015eanl\u0131urfa\u2019n\u0131n Haliliye il\u00e7esinde bulunan Kar\u015f\u0131yaka Mahallesinde yer alan DS\u0130\u2019ye ait sulama kanal\u0131nda meydana geldi.<\/p>\n\n\n\n<p>\u0130ddiaya g\u00f6re, serinlemek i\u00e7in suya giren 27 ya\u015f\u0131ndaki \u015e.Y. isimli gen\u00e7 bir s\u00fcre sonra ak\u0131nt\u0131ya kap\u0131larak kayboldu. \u00c7evredeki vatanda\u015flar durumu hemen 112 Acil \u00c7a\u011fr\u0131 Merkezi\u2019ne bildirdi.<\/p>\n\n\n\n<p>\u0130hbar \u00fczerine olay yerine sa\u011fl\u0131k, polis, AFAD ve arama kurtarma ekipleri sevk edildi.<\/p>\n\n\n\n<p>Olay yerine gelen arama kurtarma ekipleri genci arama i\u00e7in \u00e7al\u0131\u015fma ba\u015flatt\u0131.&nbsp; \u015e.Y. isimli gencin cesedini suya girdi\u011fi yerden yakla\u015f\u0131k 2 kilometre uzakl\u0131kta buldu.<\/p>\n\n\n\n<p>Sudan \u00e7\u0131kar\u0131lan \u015e.Y. isimli gencin cesedi, incelemenin ard\u0131ndan \u015eanl\u0131urfa Adli T\u0131p Kurumu morguna kald\u0131r\u0131ld\u0131.<\/p>\n\n\n\n<p>Polis ekipleri olayla ilgili soru\u015fturma ba\u015flatt\u0131. Urfahaberler<\/p>\n","protected":false},"excerpt":{"rendered":"<p>\u015eanl\u0131urfa\u2019n\u0131n Haliliye il\u00e7esinde serinlemek i\u00e7in suya giren 27 ya\u015f\u0131ndaki \u015e.Y. isimli gen\u00e7 ak\u0131nt\u0131ya kap\u0131larak bo\u011fuldu. Olay,&#46;&#46;&#46;<\/p>\n","protected":false},"author":2,"featured_media":16188,"comment_status":"open","ping_status":"open","sticky":false,"template":"","format":"standard","meta":{"inline_featured_image":false,"footnotes":""},"categories":[75],"tags":[1734,4699,131,107],"manset":[],"class_list":["post-16186","post","type-post","status-publish","format-standard","has-post-thumbnail","hentry","category-asayis-haberleri","tag-bogulma-2","tag-sanliurfada-27-yasinda-ki-genc-serinlemek-isterken-canindan-oldu","tag-son-dakika","tag-ub"],"_links":{"self":[{"href":"https:\/\/www.urfabugun.com\/index.php\/wp-json\/wp\/v2\/posts\/16186","targetHints":{"allow":["GET"]}}],"collection":[{"href":"https:\/\/www.urfabugun.com\/index.php\/wp-json\/wp\/v2\/posts"}],"about":[{"href":"https:\/\/www.urfabugun.com\/index.php\/wp-json\/wp\/v2\/types\/post"}],"author":[{"embeddable":true,"href":"https:\/\/www.urfabugun.com\/index.php\/wp-json\/wp\/v2\/users\/2"}],"replies":[{"embeddable":true,"href":"https:\/\/www.urfabugun.com\/index.php\/wp-json\/wp\/v2\/comments?post=16186"}],"version-history":[{"count":0,"href":"https:\/\/www.urfabugun.com\/index.php\/wp-json\/wp\/v2\/posts\/16186\/revisions"}],"wp:featuredmedia":[{"embeddable":true,"href":"https:\/\/www.urfabugun.com\/index.php\/wp-json\/wp\/v2\/media\/16188"}],"wp:attachment":[{"href":"https:\/\/www.urfabugun.com\/index.php\/wp-json\/wp\/v2\/media?parent=16186"}],"wp:term":[{"taxonomy":"category","embeddable":true,"href":"https:\/\/www.urfabugun.com\/index.php\/wp-json\/wp\/v2\/categories?post=16186"},{"taxonomy":"post_tag","embeddable":true,"href":"https:\/\/www.urfabugun.com\/index.php\/wp-json\/wp\/v2\/tags?post=16186"},{"taxonomy":"manset","embeddable":true,"href":"https:\/\/www.urfabugun.com\/index.php\/wp-json\/wp\/v2\/manset?post=16186"}],"curies":[{"name":"wp","href":"https:\/\/api.w.org\/{rel}","templated":true}]}}