{"id":16223,"date":"2024-07-25T10:17:00","date_gmt":"2024-07-25T07:17:00","guid":{"rendered":"https:\/\/www.urfabugun.com\/?p=16223"},"modified":"2024-07-25T10:17:07","modified_gmt":"2024-07-25T07:17:07","slug":"eyyubiyede-balkondan-dusen-4-yasindaki-cocuk-hayatini-kaybetti","status":"publish","type":"post","link":"https:\/\/www.urfabugun.com\/index.php\/2024\/07\/25\/eyyubiyede-balkondan-dusen-4-yasindaki-cocuk-hayatini-kaybetti\/","title":{"rendered":"Eyy\u00fcbiye\u2019de Balkondan D\u00fc\u015fen 4 Ya\u015f\u0131ndaki \u00c7ocuk Hayat\u0131n\u0131 Kaybetti!"},"content":{"rendered":"\n<p><\/p>\n\n\n\n<p><strong>\u015eanl\u0131urfa\u2019n\u0131n eyy\u00fcbiye il\u00e7esinde 4 ya\u015f\u0131ndaki B\u00fc\u015fra tanbo\u011fa 4. Kattan d\u00fc\u015ferek haayt\u0131n\u0131 kaybetti.<\/strong><\/p>\n\n\n\n<p>Al\u0131nan bilgiye g\u00f6re, Eyy\u00fcbiye il\u00e7esi Yenice Mahallesi\u2019nde 4 ya\u015f\u0131ndaki B\u00fc\u015fra Tanbo\u011fa, bir apartman\u0131n 4. kat\u0131ndaki evlerinin balkonunda oyun oynad\u0131\u011f\u0131 s\u0131rada a\u015fa\u011f\u0131 d\u00fc\u015ft\u00fc.<\/p>\n\n\n\n<p>Beton zemine \u00e7arpan k\u00fc\u00e7\u00fck \u00e7ocuk, a\u011f\u0131r yaraland\u0131.112 Acil Servis ekiplerince kald\u0131r\u0131ld\u0131\u011f\u0131 \u015eanl\u0131urfa E\u011fitim ve Ara\u015ft\u0131rma Hastanesi\u2019ne kald\u0131r\u0131lan \u00e7ocuk, m\u00fcdahaleye ra\u011fmen kurtar\u0131lamad\u0131.<\/p>\n\n\n\n<p>Olayla ilgili soru\u015fturma ba\u015flat\u0131ld\u0131.<\/p>\n","protected":false},"excerpt":{"rendered":"<p>\u015eanl\u0131urfa\u2019n\u0131n eyy\u00fcbiye il\u00e7esinde 4 ya\u015f\u0131ndaki B\u00fc\u015fra tanbo\u011fa 4. Kattan d\u00fc\u015ferek haayt\u0131n\u0131 kaybetti. Al\u0131nan bilgiye g\u00f6re, Eyy\u00fcbiye&#46;&#46;&#46;<\/p>\n","protected":false},"author":2,"featured_media":16225,"comment_status":"open","ping_status":"open","sticky":false,"template":"","format":"standard","meta":{"inline_featured_image":false,"footnotes":""},"categories":[75],"tags":[184,4703,4702,131,107],"manset":[],"class_list":["post-16223","post","type-post","status-publish","format-standard","has-post-thumbnail","hentry","category-asayis-haberleri","tag-asayis","tag-busra-tanboga","tag-eyyubiyede-balkondan-dusen-4-yasindaki-cocuk-hayatini-kaybetti","tag-son-dakika","tag-ub"],"_links":{"self":[{"href":"https:\/\/www.urfabugun.com\/index.php\/wp-json\/wp\/v2\/posts\/16223","targetHints":{"allow":["GET"]}}],"collection":[{"href":"https:\/\/www.urfabugun.com\/index.php\/wp-json\/wp\/v2\/posts"}],"about":[{"href":"https:\/\/www.urfabugun.com\/index.php\/wp-json\/wp\/v2\/types\/post"}],"author":[{"embeddable":true,"href":"https:\/\/www.urfabugun.com\/index.php\/wp-json\/wp\/v2\/users\/2"}],"replies":[{"embeddable":true,"href":"https:\/\/www.urfabugun.com\/index.php\/wp-json\/wp\/v2\/comments?post=16223"}],"version-history":[{"count":0,"href":"https:\/\/www.urfabugun.com\/index.php\/wp-json\/wp\/v2\/posts\/16223\/revisions"}],"wp:featuredmedia":[{"embeddable":true,"href":"https:\/\/www.urfabugun.com\/index.php\/wp-json\/wp\/v2\/media\/16225"}],"wp:attachment":[{"href":"https:\/\/www.urfabugun.com\/index.php\/wp-json\/wp\/v2\/media?parent=16223"}],"wp:term":[{"taxonomy":"category","embeddable":true,"href":"https:\/\/www.urfabugun.com\/index.php\/wp-json\/wp\/v2\/categories?post=16223"},{"taxonomy":"post_tag","embeddable":true,"href":"https:\/\/www.urfabugun.com\/index.php\/wp-json\/wp\/v2\/tags?post=16223"},{"taxonomy":"manset","embeddable":true,"href":"https:\/\/www.urfabugun.com\/index.php\/wp-json\/wp\/v2\/manset?post=16223"}],"curies":[{"name":"wp","href":"https:\/\/api.w.org\/{rel}","templated":true}]}}