{"id":16248,"date":"2024-07-26T10:05:00","date_gmt":"2024-07-26T07:05:00","guid":{"rendered":"https:\/\/www.urfabugun.com\/?p=16248"},"modified":"2024-07-26T10:05:10","modified_gmt":"2024-07-26T07:05:10","slug":"yasak-gelmisti-jandarma-denetimlerini-artirdi","status":"publish","type":"post","link":"https:\/\/www.urfabugun.com\/index.php\/2024\/07\/26\/yasak-gelmisti-jandarma-denetimlerini-artirdi\/","title":{"rendered":"Yasak Gelmi\u015fti: Jandarma Denetimlerini Art\u0131rd\u0131!"},"content":{"rendered":"\n<p><\/p>\n\n\n\n<p><strong>Siverek\u2019te sulama kanallar\u0131, barajlar ve g\u00f6llerde y\u00fczme yasa\u011f\u0131 getirildi. Jandarma, k\u0131rsal b\u00f6lgelerde denetimlere ba\u015flad\u0131.<\/strong><\/p>\n\n\n\n<p>Ge\u00e7ti\u011fimiz g\u00fcnlerde \u015eanl\u0131urfa Valili\u011fi taraf\u0131ndan al\u0131nan karar gere\u011fince il genelinde bulunan b\u00fct\u00fcn sulama kanallar\u0131, barajlar, g\u00f6l ve g\u00f6letler, akarsu, sel kapan\u0131, reg\u00fclat\u00f6r, su iletimi, de\u015farj, ta\u015fk\u0131n kontrol tesisi ve benzeri alanlarda her ne sebeple olursa olsun suya girilmesi yasakland\u0131.<\/p>\n\n\n\n<p>\u015eanl\u0131urfa Valisi Hasan \u015e\u0131ldak, il genelinde sulama kanallar\u0131, barajlar, g\u00f6l ve g\u00f6letlerde suya girilmesinin yasakland\u0131\u011f\u0131n\u0131 duyurdu. Al\u0131nan karar sonras\u0131 harekete ge\u00e7en Siverek il\u00e7e jandarma ekipleri, k\u0131rsal mahallelerde devriye atarak uyar\u0131da bulundu.<\/p>\n\n\n\n<p>Siverek \u0130l\u00e7e Jandarma Komutanl\u0131\u011f\u0131, havalar\u0131n a\u015f\u0131r\u0131 \u0131s\u0131nmas\u0131yla birlikte serinlemek amac\u0131yla suya girilmesinin tehlike olu\u015fturabilece\u011fi b\u00f6lgelerde bo\u011fulma olaylar\u0131n\u0131n \u00f6nlenmesi i\u00e7in yo\u011fun tedbirler al\u0131yor. Bu kapsamda, Siverek il\u00e7esinde baraj, g\u00f6l, g\u00f6let ve sulama kanallar\u0131 jandarma devriyeleri taraf\u0131ndan s\u00fcrekli kontrol ediliyor<\/p>\n\n\n\n<p>Siverek \u0130l\u00e7e Kaymakaml\u0131\u011f\u0131ndan yap\u0131lan a\u00e7\u0131klamada, kontrol ve bilgilendirme faaliyetlerinin yaz boyunca devam edece\u011fi belirtilirken, baraj, su kanal\u0131 ve g\u00f6letlerde y\u00fczmek yasakt\u0131r. \u00d6te yandan vatanda\u015flardan da bu uyar\u0131lara hassasiyetle uymalar\u0131 istendi.<\/p>\n","protected":false},"excerpt":{"rendered":"<p>Siverek\u2019te sulama kanallar\u0131, barajlar ve g\u00f6llerde y\u00fczme yasa\u011f\u0131 getirildi. Jandarma, k\u0131rsal b\u00f6lgelerde denetimlere ba\u015flad\u0131. Ge\u00e7ti\u011fimiz g\u00fcnlerde&#46;&#46;&#46;<\/p>\n","protected":false},"author":2,"featured_media":16250,"comment_status":"open","ping_status":"open","sticky":false,"template":"","format":"standard","meta":{"inline_featured_image":false,"footnotes":""},"categories":[82],"tags":[1002,107],"manset":[],"class_list":["post-16248","post","type-post","status-publish","format-standard","has-post-thumbnail","hentry","category-gundem-haberleri","tag-denetim","tag-ub"],"_links":{"self":[{"href":"https:\/\/www.urfabugun.com\/index.php\/wp-json\/wp\/v2\/posts\/16248","targetHints":{"allow":["GET"]}}],"collection":[{"href":"https:\/\/www.urfabugun.com\/index.php\/wp-json\/wp\/v2\/posts"}],"about":[{"href":"https:\/\/www.urfabugun.com\/index.php\/wp-json\/wp\/v2\/types\/post"}],"author":[{"embeddable":true,"href":"https:\/\/www.urfabugun.com\/index.php\/wp-json\/wp\/v2\/users\/2"}],"replies":[{"embeddable":true,"href":"https:\/\/www.urfabugun.com\/index.php\/wp-json\/wp\/v2\/comments?post=16248"}],"version-history":[{"count":0,"href":"https:\/\/www.urfabugun.com\/index.php\/wp-json\/wp\/v2\/posts\/16248\/revisions"}],"wp:featuredmedia":[{"embeddable":true,"href":"https:\/\/www.urfabugun.com\/index.php\/wp-json\/wp\/v2\/media\/16250"}],"wp:attachment":[{"href":"https:\/\/www.urfabugun.com\/index.php\/wp-json\/wp\/v2\/media?parent=16248"}],"wp:term":[{"taxonomy":"category","embeddable":true,"href":"https:\/\/www.urfabugun.com\/index.php\/wp-json\/wp\/v2\/categories?post=16248"},{"taxonomy":"post_tag","embeddable":true,"href":"https:\/\/www.urfabugun.com\/index.php\/wp-json\/wp\/v2\/tags?post=16248"},{"taxonomy":"manset","embeddable":true,"href":"https:\/\/www.urfabugun.com\/index.php\/wp-json\/wp\/v2\/manset?post=16248"}],"curies":[{"name":"wp","href":"https:\/\/api.w.org\/{rel}","templated":true}]}}