{"id":16252,"date":"2024-07-26T10:31:30","date_gmt":"2024-07-26T07:31:30","guid":{"rendered":"https:\/\/www.urfabugun.com\/?p=16252"},"modified":"2024-07-26T10:31:38","modified_gmt":"2024-07-26T07:31:38","slug":"ales-pazar-gunu-yapilacak","status":"publish","type":"post","link":"https:\/\/www.urfabugun.com\/index.php\/2024\/07\/26\/ales-pazar-gunu-yapilacak\/","title":{"rendered":"ALES Pazar G\u00fcn\u00fc Yap\u0131lacak!"},"content":{"rendered":"\n<p><\/p>\n\n\n\n<p><strong>Akademik Personel ve Lisans\u00fcst\u00fc E\u011fitimi Giri\u015f S\u0131nav\u0131 (2024-ALES\/2), 157 bin 530 aday\u0131n kat\u0131l\u0131m\u0131yla 28 Temmuz Pazar g\u00fcn\u00fc yap\u0131lacak.<\/strong><\/p>\n\n\n\n<p>\u00d6SYM&#8217;den yap\u0131lan a\u00e7\u0131klamaya g\u00f6re, bu y\u0131l 81 ilde ikincisi yap\u0131lacak ALES i\u00e7in 92 s\u0131nav merkezi, 464 bina ve 6 bin 42 salon kullan\u0131lacak.<\/p>\n\n\n\n<p>Saat 10.15&#8217;te ba\u015flayacak s\u0131navda adaylar 10.00&#8217;dan sonra s\u0131nav binalar\u0131na al\u0131nmayacak.<\/p>\n\n\n\n<p>S\u0131navda adaylara say\u0131sal ve s\u00f6zel testlerden olu\u015fan 100 soru i\u00e7in 150 dakika verilecek. S\u0131navda ek s\u00fcre verilmesine uygun g\u00f6r\u00fclen adaylar 30 dakika ek s\u00fcrelerini kullanabilecek.<\/p>\n\n\n\n<p>T.C. kimlik kart\u0131n\u0131 kaybeden, n\u00fcfus c\u00fczdan\u0131 olmayan veya n\u00fcfus c\u00fczdan\u0131nda T.C. kimlik numaras\u0131 ve foto\u011fraf bulunmayan adaylar i\u00e7in il ve il\u00e7e n\u00fcfus m\u00fcd\u00fcrl\u00fckleri s\u0131nav g\u00fcnleri a\u00e7\u0131k bulundurulacak.<\/p>\n\n\n\n<p>S\u0131nav sonu\u00e7lar\u0131 16 A\u011fustos&#8217;ta a\u00e7\u0131klanacak ve bu tarihten itibaren 5 y\u0131l s\u00fcreyle ge\u00e7erli olacak.<\/p>\n\n\n\n<p><strong>SINAVDA 21 B\u0130N 654 K\u0130\u015e\u0130 G\u00d6REV YAPACAK<\/strong><\/p>\n\n\n\n<p>A\u00e7\u0131klamada g\u00f6r\u00fc\u015flerine yer verilen \u00d6SYM Ba\u015fkan\u0131 Prof. Dr. Bayram Ali Ersoy, \u015funlar\u0131 kaydetti:<\/p>\n\n\n\n<p>&#8220;157 bin 530 aday\u0131n ba\u015fvurdu\u011fu s\u0131navda toplam 21 bin 654 g\u00f6revli yer alacak. S\u0131nav g\u00fcvenli\u011finin sa\u011flanmas\u0131 amac\u0131yla 2 bin 757 emniyet g\u00f6revlisi sahada olacak. S\u0131nava 569 engelli aday ba\u015fvurdu. S\u0131nava ba\u015fvuran gaziler ile \u015fehit ve gazilerin e\u015f ve \u00e7ocuklar\u0131 s\u0131nav \u00fccretinden muaf tutuldu, 1450 aday bu haktan yararland\u0131.&#8221;<\/p>\n","protected":false},"excerpt":{"rendered":"<p>Akademik Personel ve Lisans\u00fcst\u00fc E\u011fitimi Giri\u015f S\u0131nav\u0131 (2024-ALES\/2), 157 bin 530 aday\u0131n kat\u0131l\u0131m\u0131yla 28 Temmuz Pazar&#46;&#46;&#46;<\/p>\n","protected":false},"author":2,"featured_media":16254,"comment_status":"open","ping_status":"open","sticky":false,"template":"","format":"standard","meta":{"inline_featured_image":false,"footnotes":""},"categories":[82],"tags":[2181,4707,107,93],"manset":[],"class_list":["post-16252","post","type-post","status-publish","format-standard","has-post-thumbnail","hentry","category-gundem-haberleri","tag-ales","tag-ales-pazar-gunu-yapilacak","tag-ub","tag-ust"],"_links":{"self":[{"href":"https:\/\/www.urfabugun.com\/index.php\/wp-json\/wp\/v2\/posts\/16252","targetHints":{"allow":["GET"]}}],"collection":[{"href":"https:\/\/www.urfabugun.com\/index.php\/wp-json\/wp\/v2\/posts"}],"about":[{"href":"https:\/\/www.urfabugun.com\/index.php\/wp-json\/wp\/v2\/types\/post"}],"author":[{"embeddable":true,"href":"https:\/\/www.urfabugun.com\/index.php\/wp-json\/wp\/v2\/users\/2"}],"replies":[{"embeddable":true,"href":"https:\/\/www.urfabugun.com\/index.php\/wp-json\/wp\/v2\/comments?post=16252"}],"version-history":[{"count":0,"href":"https:\/\/www.urfabugun.com\/index.php\/wp-json\/wp\/v2\/posts\/16252\/revisions"}],"wp:featuredmedia":[{"embeddable":true,"href":"https:\/\/www.urfabugun.com\/index.php\/wp-json\/wp\/v2\/media\/16254"}],"wp:attachment":[{"href":"https:\/\/www.urfabugun.com\/index.php\/wp-json\/wp\/v2\/media?parent=16252"}],"wp:term":[{"taxonomy":"category","embeddable":true,"href":"https:\/\/www.urfabugun.com\/index.php\/wp-json\/wp\/v2\/categories?post=16252"},{"taxonomy":"post_tag","embeddable":true,"href":"https:\/\/www.urfabugun.com\/index.php\/wp-json\/wp\/v2\/tags?post=16252"},{"taxonomy":"manset","embeddable":true,"href":"https:\/\/www.urfabugun.com\/index.php\/wp-json\/wp\/v2\/manset?post=16252"}],"curies":[{"name":"wp","href":"https:\/\/api.w.org\/{rel}","templated":true}]}}