{"id":16344,"date":"2024-07-31T11:37:54","date_gmt":"2024-07-31T08:37:54","guid":{"rendered":"https:\/\/www.urfabugun.com\/?p=16344"},"modified":"2024-07-31T11:38:23","modified_gmt":"2024-07-31T08:38:23","slug":"sanliurfada-otomobil-tir-ile-carpisti-1-olu","status":"publish","type":"post","link":"https:\/\/www.urfabugun.com\/index.php\/2024\/07\/31\/sanliurfada-otomobil-tir-ile-carpisti-1-olu\/","title":{"rendered":"\u015eanl\u0131urfa\u2019da Otomobil T\u0131r \u0130le \u00c7arp\u0131\u015ft\u0131, 1 \u00d6l\u00fc!"},"content":{"rendered":"\n<p><\/p>\n\n\n\n<p><strong>\u015eanl\u0131urfa- Birecik karayolunda otomobil ile t\u0131r \u00e7arp\u0131\u015ft\u0131. Meydana gelen kazada 1 ki\u015fi hayat\u0131n\u0131 kaybetti.<\/strong><\/p>\n\n\n\n<p>Kaza, \u015eanl\u0131urfa\u2019n\u0131n Birecik- Suru\u00e7 yolu \u00e7o\u011falan k\u00f6y\u00fc mevkisinde meydana geldi.<\/p>\n\n\n\n<p>\u0130ddiaya g\u00f6re, Mehmet Tahir Yasl\u0131 idaresindeki 63 LC 279 plakal\u0131 otomobil, Mustafa A. idaresindeki 63 AGP 986 t\u0131r ile \u00e7arp\u0131\u015ft\u0131.<\/p>\n\n\n\n<p>\u00c7arp\u0131\u015fman\u0131n etkisi ile otomobil hurda y\u0131\u011f\u0131n\u0131na d\u00f6nd\u00fc.<\/p>\n\n\n\n<p>Kazan\u0131n ihbar\u0131 \u00fczerine olay 112, jandarma ve polis ekibi sevk edildi.<\/p>\n\n\n\n<p>Olay yerine gelen sa\u011fl\u0131k ekipleri yapt\u0131klar\u0131 incelemede otomobil s\u00fcr\u00fcc\u00fcs\u00fc Mehmet Tahir Yasl\u0131\u2019n\u0131n hayat\u0131n\u0131 kaybetti\u011fini belirledi.<\/p>\n\n\n\n<p>Kaza nedeniyle yol bir s\u00fcre trafi\u011fe kapat\u0131ld\u0131.<\/p>\n\n\n\n<p>Hayat\u0131n\u0131 kaybeden Yasl\u0131 yap\u0131lan incelemenin ard\u0131ndan cenaze arac\u0131yla hastane morguna kald\u0131r\u0131ld\u0131.<\/p>\n\n\n\n<p>Ara\u00e7l\u0131lar\u0131n \u00e7ekilmesi ile trafik normale d\u00f6nd\u00fc.<\/p>\n\n\n\n<p>Kazayla ilgili soru\u015fturma ba\u015flat\u0131ld\u0131.<\/p>\n","protected":false},"excerpt":{"rendered":"<p>\u015eanl\u0131urfa- Birecik karayolunda otomobil ile t\u0131r \u00e7arp\u0131\u015ft\u0131. Meydana gelen kazada 1 ki\u015fi hayat\u0131n\u0131 kaybetti. Kaza, \u015eanl\u0131urfa\u2019n\u0131n&#46;&#46;&#46;<\/p>\n","protected":false},"author":2,"featured_media":16346,"comment_status":"open","ping_status":"open","sticky":false,"template":"","format":"standard","meta":{"inline_featured_image":false,"footnotes":""},"categories":[75],"tags":[118,131,107],"manset":[],"class_list":["post-16344","post","type-post","status-publish","format-standard","has-post-thumbnail","hentry","category-asayis-haberleri","tag-sanliurfa","tag-son-dakika","tag-ub"],"_links":{"self":[{"href":"https:\/\/www.urfabugun.com\/index.php\/wp-json\/wp\/v2\/posts\/16344","targetHints":{"allow":["GET"]}}],"collection":[{"href":"https:\/\/www.urfabugun.com\/index.php\/wp-json\/wp\/v2\/posts"}],"about":[{"href":"https:\/\/www.urfabugun.com\/index.php\/wp-json\/wp\/v2\/types\/post"}],"author":[{"embeddable":true,"href":"https:\/\/www.urfabugun.com\/index.php\/wp-json\/wp\/v2\/users\/2"}],"replies":[{"embeddable":true,"href":"https:\/\/www.urfabugun.com\/index.php\/wp-json\/wp\/v2\/comments?post=16344"}],"version-history":[{"count":0,"href":"https:\/\/www.urfabugun.com\/index.php\/wp-json\/wp\/v2\/posts\/16344\/revisions"}],"wp:featuredmedia":[{"embeddable":true,"href":"https:\/\/www.urfabugun.com\/index.php\/wp-json\/wp\/v2\/media\/16346"}],"wp:attachment":[{"href":"https:\/\/www.urfabugun.com\/index.php\/wp-json\/wp\/v2\/media?parent=16344"}],"wp:term":[{"taxonomy":"category","embeddable":true,"href":"https:\/\/www.urfabugun.com\/index.php\/wp-json\/wp\/v2\/categories?post=16344"},{"taxonomy":"post_tag","embeddable":true,"href":"https:\/\/www.urfabugun.com\/index.php\/wp-json\/wp\/v2\/tags?post=16344"},{"taxonomy":"manset","embeddable":true,"href":"https:\/\/www.urfabugun.com\/index.php\/wp-json\/wp\/v2\/manset?post=16344"}],"curies":[{"name":"wp","href":"https:\/\/api.w.org\/{rel}","templated":true}]}}