{"id":16352,"date":"2024-08-01T10:04:07","date_gmt":"2024-08-01T07:04:07","guid":{"rendered":"https:\/\/www.urfabugun.com\/?p=16352"},"modified":"2024-08-01T10:04:30","modified_gmt":"2024-08-01T07:04:30","slug":"sanliurfaya-102-milyon-liralik-yatirim","status":"publish","type":"post","link":"https:\/\/www.urfabugun.com\/index.php\/2024\/08\/01\/sanliurfaya-102-milyon-liralik-yatirim\/","title":{"rendered":"\u015eanl\u0131urfa\u2019ya 102 Milyon Liral\u0131k Yat\u0131r\u0131m!"},"content":{"rendered":"\n<p><\/p>\n\n\n\n<p><strong>Dicle Elektrik, \u015eanl\u0131urfa\u2019da 2024 y\u0131l\u0131nda ba\u015flatt\u0131\u011f\u0131 yat\u0131r\u0131m \u00e7al\u0131\u015fmalar\u0131n\u0131 h\u0131z kesmeden s\u00fcrd\u00fcr\u00fcyor.<\/strong><\/p>\n\n\n\n<p>Dicle Elektrik; kay\u0131ps\u0131z, kesintisiz ve kaliteli enerji da\u011f\u0131t\u0131m\u0131 vizyonuyla, \u015eanl\u0131urfa\u2019n\u0131n enerji altyap\u0131s\u0131n\u0131 g\u00fc\u00e7lendirmek i\u00e7in yat\u0131r\u0131mlar\u0131n\u0131 h\u0131z kesmeden s\u00fcrd\u00fcr\u00fcyor. Da\u011f\u0131t\u0131m \u015firketi, \u00e7al\u0131\u015fmalar\u0131na bir s\u00fcre \u00f6nce ba\u015flanan Haliliye il\u00e7esine ba\u011fl\u0131 iki mahalledeki \u015febeke g\u00fc\u00e7lendirme yat\u0131r\u0131m\u0131n\u0131 k\u0131sa s\u00fcrede tamamlayaca\u011f\u0131n\u0131 duyurdu.<\/p>\n\n\n\n<p><strong>2 ETAPTAN OLU\u015eAN 102 M\u0130LYONLUK YATIRIM<\/strong><\/p>\n\n\n\n<p>Yat\u0131r\u0131mlar\u0131n\u0131 Enerji ve Tabii Kaynaklar Bakanl\u0131\u011f\u0131 ile Enerji Piyasas\u0131 D\u00fczenleme Kurumu (EPDK) reg\u00fclasyonlar\u0131 \u00e7er\u00e7evesinde ger\u00e7ekle\u015ftiren Dicle Elektrik, Haliliye il\u00e7esine ba\u011fl\u0131 Devte\u015fti ve S\u00fcleymaniye mahallelerinde ba\u015flatt\u0131\u011f\u0131 yat\u0131r\u0131m \u00e7al\u0131\u015fmas\u0131n\u0131 2 etapta tamamlayacak. Toplam 21 bin aboneyi olumlu y\u00f6nde etkilemesi beklenen ve 2024 y\u0131l\u0131 yat\u0131r\u0131mlar\u0131 kapsam\u0131nda ba\u015flat\u0131lan \u00e7al\u0131\u015fmalar\u0131n bedeli yakla\u015f\u0131k 102 milyon TL olarak a\u00e7\u0131kland\u0131.<\/p>\n\n\n\n<p><strong>16 MONOBLOK TRAFO KAB\u0130N\u0130 KURULUYO<\/strong><\/p>\n\n\n\n<p>S\u00f6z konusu yat\u0131r\u0131m ile Devte\u015fti ve S\u00fcleymaniye mahallelerinde 340 adet Al\u00e7ak Gerilim Saya\u00e7 Otomasyon Panosu (ASOP) ve BOX pano kurulacak. Yat\u0131r\u0131m kapsam\u0131nda 61 kilometre XLPE kablosu ve 51 kilometre al\u00e7ak gerilim kablosu d\u00f6\u015fenecek.<\/p>\n\n\n\n<p>Farkl\u0131 g\u00fc\u00e7lerde 16 adet monoblok trafo kabininin kurulaca\u011f\u0131 bu mahallelerde, ileriki y\u0131llarda ortaya \u00e7\u0131kabilecek elektrik talebi de kar\u015f\u0131lanm\u0131\u015f olacak. Y\u0131lsonundan \u00f6nce tamamlanacak yat\u0131r\u0131mla ayr\u0131ca 760 ayd\u0131nlatma dire\u011fi dikilerek bu mahallelerdeki cadde ve sokaklar ayd\u0131nlat\u0131lacak.<\/p>\n\n\n\n<p><strong>\u00c7ALI\u015eMALARIMIZA DEVAM ED\u0130YORUZ<\/strong><\/p>\n\n\n\n<p>Devte\u015fti ve S\u00fcleymaniye mahallelerinde toplamda 21 bin aboneyi olumlu bi\u00e7imde etkileyecek yat\u0131r\u0131m \u00e7al\u0131\u015fmalar\u0131n\u0131 yerinde inceleyen Dicle Elektrik \u015eanl\u0131urfa \u0130l M\u00fcd\u00fcr\u00fc Naci Obut, \u201c\u00c7al\u0131\u015fmalar\u0131m\u0131za h\u0131z kesmeden devam ediyoruz.\u201d dedi. Devam eden yat\u0131r\u0131mlarla ilgili g\u00f6revlilerden bilgi alan Obut, \u201cYat\u0131r\u0131mlar\u0131m\u0131z, abonelerimizin kaliteli ve kesintisiz enerji talebine cevap verebilecek nitelikte.<\/p>\n\n\n\n<p>G\u00fc\u00e7l\u00fc bir elektrik \u015febekesi i\u00e7in ba\u015flatt\u0131\u011f\u0131m\u0131z yat\u0131r\u0131mlar tamamlanmak \u00fczere. Hedefimiz y\u0131l sonundan \u00f6nce bu yat\u0131r\u0131mlar\u0131 tamamlayarak m\u00fc\u015fteri memnuniyetini bir ad\u0131m daha ileri ta\u015f\u0131mak.\u201d diye konu\u015ftu. Obut, yat\u0131r\u0131mlar\u0131n belirlenen stratejik hedefler ve planlamalar do\u011frultusunda s\u00fcrd\u00fc\u011f\u00fcne de dikkat \u00e7ekti.<\/p>\n","protected":false},"excerpt":{"rendered":"<p>Dicle Elektrik, \u015eanl\u0131urfa\u2019da 2024 y\u0131l\u0131nda ba\u015flatt\u0131\u011f\u0131 yat\u0131r\u0131m \u00e7al\u0131\u015fmalar\u0131n\u0131 h\u0131z kesmeden s\u00fcrd\u00fcr\u00fcyor. Dicle Elektrik; kay\u0131ps\u0131z, kesintisiz ve&#46;&#46;&#46;<\/p>\n","protected":false},"author":2,"featured_media":16354,"comment_status":"open","ping_status":"open","sticky":false,"template":"","format":"standard","meta":{"inline_featured_image":false,"footnotes":""},"categories":[82],"tags":[1915,118,131,107],"manset":[],"class_list":["post-16352","post","type-post","status-publish","format-standard","has-post-thumbnail","hentry","category-gundem-haberleri","tag-dicle-elektrik","tag-sanliurfa","tag-son-dakika","tag-ub"],"_links":{"self":[{"href":"https:\/\/www.urfabugun.com\/index.php\/wp-json\/wp\/v2\/posts\/16352","targetHints":{"allow":["GET"]}}],"collection":[{"href":"https:\/\/www.urfabugun.com\/index.php\/wp-json\/wp\/v2\/posts"}],"about":[{"href":"https:\/\/www.urfabugun.com\/index.php\/wp-json\/wp\/v2\/types\/post"}],"author":[{"embeddable":true,"href":"https:\/\/www.urfabugun.com\/index.php\/wp-json\/wp\/v2\/users\/2"}],"replies":[{"embeddable":true,"href":"https:\/\/www.urfabugun.com\/index.php\/wp-json\/wp\/v2\/comments?post=16352"}],"version-history":[{"count":0,"href":"https:\/\/www.urfabugun.com\/index.php\/wp-json\/wp\/v2\/posts\/16352\/revisions"}],"wp:featuredmedia":[{"embeddable":true,"href":"https:\/\/www.urfabugun.com\/index.php\/wp-json\/wp\/v2\/media\/16354"}],"wp:attachment":[{"href":"https:\/\/www.urfabugun.com\/index.php\/wp-json\/wp\/v2\/media?parent=16352"}],"wp:term":[{"taxonomy":"category","embeddable":true,"href":"https:\/\/www.urfabugun.com\/index.php\/wp-json\/wp\/v2\/categories?post=16352"},{"taxonomy":"post_tag","embeddable":true,"href":"https:\/\/www.urfabugun.com\/index.php\/wp-json\/wp\/v2\/tags?post=16352"},{"taxonomy":"manset","embeddable":true,"href":"https:\/\/www.urfabugun.com\/index.php\/wp-json\/wp\/v2\/manset?post=16352"}],"curies":[{"name":"wp","href":"https:\/\/api.w.org\/{rel}","templated":true}]}}