{"id":16407,"date":"2024-08-03T11:42:54","date_gmt":"2024-08-03T08:42:54","guid":{"rendered":"https:\/\/www.urfabugun.com\/?p=16407"},"modified":"2024-08-03T11:43:23","modified_gmt":"2024-08-03T08:43:23","slug":"bozovada-otomobil-carptigi-coban-hayatini-kaybetti","status":"publish","type":"post","link":"https:\/\/www.urfabugun.com\/index.php\/2024\/08\/03\/bozovada-otomobil-carptigi-coban-hayatini-kaybetti\/","title":{"rendered":"Bozova\u2019da Otomobil \u00c7arpt\u0131\u011f\u0131 \u00c7oban Hayat\u0131n\u0131 Kaybetti!"},"content":{"rendered":"\n<p><\/p>\n\n\n\n<p><strong>\u015eanl\u0131urfa\u2019n\u0131n Bozova il\u00e7esinde koyunlar\u0131 otlatan \u00e7obana otomobil \u00e7arpt\u0131. Kazada \u00e7oban hayat\u0131n\u0131 kaybetti s\u00fcr\u00fcc\u00fcs\u00fc ise olay yerinden ka\u00e7t\u0131.<\/strong><\/p>\n\n\n\n<p>Kaza, \u015eanl\u0131urfa\u2019n\u0131n Bozova il\u00e7esi k\u0131rsal \u00d6rdek Mahallesi yak\u0131nlar\u0131nda meydana geldi.<\/p>\n\n\n\n<p>\u0130ddiaya g\u00f6re, Bozova- Hilvan karayolu kenar\u0131nda koyun otlatan Yabanc\u0131 uyruklu \u00e7obana hen\u00fcz s\u00fcr\u00fcc\u00fcs\u00fc ve plakas\u0131 \u00f6\u011frenilemeyen otomobil \u00e7arpt\u0131.<\/p>\n\n\n\n<p>\u00c7obana \u00e7arpan otomobil s\u00fcr\u00fcc\u00fcs\u00fc olay yerinden ka\u00e7t\u0131.<\/p>\n\n\n\n<p>Yoldan ge\u00e7en s\u00fcr\u00fcc\u00fclerin ihbar\u0131 \u00fczerine olay yerine 112 ve jandarma ekibi sevk edildi.<\/p>\n\n\n\n<p>Olay yerine gelen 112 ekipleri yapt\u0131klar\u0131 incelemede \u00e7oban\u0131n\u0131n hayat\u0131n\u0131 kaybetti\u011fini belirledi.<\/p>\n\n\n\n<p>Yap\u0131lan incelemenin ard\u0131ndan yabanc\u0131 uyruklu \u00e7oban\u0131n cesedi otopsisi yap\u0131lmak \u00fczere Adli T\u0131p Kurumu Morguna kald\u0131r\u0131ld\u0131.<\/p>\n\n\n\n<p>Jandarma ekipleri s\u00fcr\u00fcc\u00fcn\u00fcn yakalanmas\u0131 i\u00e7in \u00e7al\u0131\u015fma ba\u015flat\u0131ld\u0131.<\/p>\n\n\n\n<p>Kaza ile ilgili soru\u015fturma ba\u015flat\u0131ld\u0131.<\/p>\n","protected":false},"excerpt":{"rendered":"<p>\u015eanl\u0131urfa\u2019n\u0131n Bozova il\u00e7esinde koyunlar\u0131 otlatan \u00e7obana otomobil \u00e7arpt\u0131. Kazada \u00e7oban hayat\u0131n\u0131 kaybetti s\u00fcr\u00fcc\u00fcs\u00fc ise olay yerinden&#46;&#46;&#46;<\/p>\n","protected":false},"author":2,"featured_media":16153,"comment_status":"open","ping_status":"open","sticky":false,"template":"","format":"standard","meta":{"inline_featured_image":false,"footnotes":""},"categories":[75],"tags":[4727,131,107],"manset":[],"class_list":["post-16407","post","type-post","status-publish","format-standard","has-post-thumbnail","hentry","category-asayis-haberleri","tag-coban","tag-son-dakika","tag-ub"],"_links":{"self":[{"href":"https:\/\/www.urfabugun.com\/index.php\/wp-json\/wp\/v2\/posts\/16407","targetHints":{"allow":["GET"]}}],"collection":[{"href":"https:\/\/www.urfabugun.com\/index.php\/wp-json\/wp\/v2\/posts"}],"about":[{"href":"https:\/\/www.urfabugun.com\/index.php\/wp-json\/wp\/v2\/types\/post"}],"author":[{"embeddable":true,"href":"https:\/\/www.urfabugun.com\/index.php\/wp-json\/wp\/v2\/users\/2"}],"replies":[{"embeddable":true,"href":"https:\/\/www.urfabugun.com\/index.php\/wp-json\/wp\/v2\/comments?post=16407"}],"version-history":[{"count":0,"href":"https:\/\/www.urfabugun.com\/index.php\/wp-json\/wp\/v2\/posts\/16407\/revisions"}],"wp:featuredmedia":[{"embeddable":true,"href":"https:\/\/www.urfabugun.com\/index.php\/wp-json\/wp\/v2\/media\/16153"}],"wp:attachment":[{"href":"https:\/\/www.urfabugun.com\/index.php\/wp-json\/wp\/v2\/media?parent=16407"}],"wp:term":[{"taxonomy":"category","embeddable":true,"href":"https:\/\/www.urfabugun.com\/index.php\/wp-json\/wp\/v2\/categories?post=16407"},{"taxonomy":"post_tag","embeddable":true,"href":"https:\/\/www.urfabugun.com\/index.php\/wp-json\/wp\/v2\/tags?post=16407"},{"taxonomy":"manset","embeddable":true,"href":"https:\/\/www.urfabugun.com\/index.php\/wp-json\/wp\/v2\/manset?post=16407"}],"curies":[{"name":"wp","href":"https:\/\/api.w.org\/{rel}","templated":true}]}}