{"id":16432,"date":"2024-08-13T09:29:55","date_gmt":"2024-08-13T06:29:55","guid":{"rendered":"https:\/\/www.urfabugun.com\/?p=16432"},"modified":"2024-08-13T09:30:21","modified_gmt":"2024-08-13T06:30:21","slug":"ozgur-ozele-rakip-chpde-dengeleri-degistirecek-iddia","status":"publish","type":"post","link":"https:\/\/www.urfabugun.com\/index.php\/2024\/08\/13\/ozgur-ozele-rakip-chpde-dengeleri-degistirecek-iddia\/","title":{"rendered":"\u00d6zg\u00fcr \u00d6zel&#8217;e Rakip! CHP&#8217;de Dengeleri De\u011fi\u015ftirecek \u0130ddia!"},"content":{"rendered":"\n<p><\/p>\n\n\n\n<p><strong>31 Mart yerel se\u00e7imlerinde \u0130zmir B\u00fcy\u00fck\u015fehir Belediye Ba\u015fkanl\u0131\u011f\u0131&#8217;na aday g\u00f6sterilmeyen Tun\u00e7 Soyer&#8217;in CHP&#8217;nin ba\u015f\u0131na ge\u00e7mek istedi\u011fi \u00f6ne s\u00fcr\u00fcld\u00fc.<\/strong><\/p>\n\n\n\n<p>Gazeteci Bar\u0131\u015f Yarkada\u015f, TV100&#8217;de yay\u0131nlanan G\u00fcrkan Hac\u0131r&#8217;la Taksim Meydan\u0131 program\u0131nda \u00e7ok konu\u015fulacak bir iddiada bulundu. Bar\u0131\u015f Yarkada\u015f CHP&#8217;ye y\u00f6nelik \u00e7arp\u0131c\u0131 kulis bilgisini payla\u015farak, Eski \u0130zmir B\u00fcy\u00fck\u015fehir Belediye Ba\u015fkan\u0131 Tun\u00e7 Soyer&#8217;in CHP Genel Ba\u015fkan aday\u0131 olmak istedi\u011fini \u00f6ne s\u00fcrd\u00fc.<\/p>\n\n\n\n<p><strong>&#8220;TUN\u00c7 SOYER \u00c7ALI\u015eMA Y\u00dcR\u00dcTECEK&#8221;<\/strong><\/p>\n\n\n\n<p>Bar\u0131\u015f Yarkada\u015f&#8217;\u0131n a\u00e7\u0131klamalar\u0131ndan \u00f6ne \u00e7\u0131kanlar \u015f\u00f6yle: &#8220;\u015eu an CHP kulislerinde konu\u015fulan \u015fey Tun\u00e7 Soyer&#8217;in \u00f6n\u00fcm\u00fczdeki s\u00fcre\u00e7te CHP Genel Ba\u015fkanl\u0131\u011f\u0131 i\u00e7in \u00e7al\u0131\u015fma y\u00fcr\u00fctece\u011fi y\u00f6n\u00fcnde. Tun\u00e7 Soyer \u00f6n\u00fcm\u00fczdeki g\u00fcnlerde Kemal Bey ile Ankara&#8217;da bir araya gelecek.<\/p>\n\n\n\n<p>Ard\u0131ndan \u0130BB Ba\u015fkan\u0131 Ekrem \u0130mamo\u011flu&#8217;ndan bir randevu isteyerek \u0130mamo\u011flu ile de g\u00f6r\u00fc\u015f\u00fcp destek arayacak.&#8221;<\/p>\n\n\n\n<p><strong>KILI\u00c7DARO\u011eLU DA VAZGE\u00c7MED\u0130<\/strong><\/p>\n\n\n\n<p>Eski CHP Genel Ba\u015fkan\u0131 Kemal K\u0131l\u0131\u00e7daro\u011flu da d\u00fcn verdi\u011fi bir r\u00f6portajda &#8220;Ben parlamentoya girdi\u011fimde genel ba\u015fkan olma d\u00fc\u015f\u00fcncem yoktu.<\/p>\n\n\n\n<p>Delegeler istedi\u011fi i\u00e7in oldum. Delegeler &#8216;Gelmen laz\u0131m arkada\u015f&#8217; diyerek g\u00f6rev verirlerse o zaman d\u00fc\u015f\u00fcn\u00fcr\u00fcm. Genel ba\u015fkanl\u0131\u011f\u0131n sorumlulu\u011fu fazlad\u0131r, kolay de\u011fildir. Genel ba\u015fkan tart\u0131\u015fmalar\u0131n\u0131n d\u0131\u015f\u0131nda kalmak istiyorum. Partinin delegeleri vard\u0131r. Parti kendi gelece\u011fini belirleyecektir&#8221; ifadelerini kullanm\u0131\u015ft\u0131.<\/p>\n","protected":false},"excerpt":{"rendered":"<p>31 Mart yerel se\u00e7imlerinde \u0130zmir B\u00fcy\u00fck\u015fehir Belediye Ba\u015fkanl\u0131\u011f\u0131&#8217;na aday g\u00f6sterilmeyen Tun\u00e7 Soyer&#8217;in CHP&#8217;nin ba\u015f\u0131na ge\u00e7mek istedi\u011fi&#46;&#46;&#46;<\/p>\n","protected":false},"author":2,"featured_media":16434,"comment_status":"open","ping_status":"open","sticky":false,"template":"","format":"standard","meta":{"inline_featured_image":false,"footnotes":""},"categories":[82],"tags":[4276,131,4729,107],"manset":[],"class_list":["post-16432","post","type-post","status-publish","format-standard","has-post-thumbnail","hentry","category-gundem-haberleri","tag-ozgur-ozel","tag-son-dakika","tag-tunc-soyer","tag-ub"],"_links":{"self":[{"href":"https:\/\/www.urfabugun.com\/index.php\/wp-json\/wp\/v2\/posts\/16432","targetHints":{"allow":["GET"]}}],"collection":[{"href":"https:\/\/www.urfabugun.com\/index.php\/wp-json\/wp\/v2\/posts"}],"about":[{"href":"https:\/\/www.urfabugun.com\/index.php\/wp-json\/wp\/v2\/types\/post"}],"author":[{"embeddable":true,"href":"https:\/\/www.urfabugun.com\/index.php\/wp-json\/wp\/v2\/users\/2"}],"replies":[{"embeddable":true,"href":"https:\/\/www.urfabugun.com\/index.php\/wp-json\/wp\/v2\/comments?post=16432"}],"version-history":[{"count":0,"href":"https:\/\/www.urfabugun.com\/index.php\/wp-json\/wp\/v2\/posts\/16432\/revisions"}],"wp:featuredmedia":[{"embeddable":true,"href":"https:\/\/www.urfabugun.com\/index.php\/wp-json\/wp\/v2\/media\/16434"}],"wp:attachment":[{"href":"https:\/\/www.urfabugun.com\/index.php\/wp-json\/wp\/v2\/media?parent=16432"}],"wp:term":[{"taxonomy":"category","embeddable":true,"href":"https:\/\/www.urfabugun.com\/index.php\/wp-json\/wp\/v2\/categories?post=16432"},{"taxonomy":"post_tag","embeddable":true,"href":"https:\/\/www.urfabugun.com\/index.php\/wp-json\/wp\/v2\/tags?post=16432"},{"taxonomy":"manset","embeddable":true,"href":"https:\/\/www.urfabugun.com\/index.php\/wp-json\/wp\/v2\/manset?post=16432"}],"curies":[{"name":"wp","href":"https:\/\/api.w.org\/{rel}","templated":true}]}}