{"id":16474,"date":"2024-08-14T10:46:55","date_gmt":"2024-08-14T07:46:55","guid":{"rendered":"https:\/\/www.urfabugun.com\/?p=16474"},"modified":"2024-08-14T10:47:17","modified_gmt":"2024-08-14T07:47:17","slug":"otobus-sarampole-devrildi-26-yarali","status":"publish","type":"post","link":"https:\/\/www.urfabugun.com\/index.php\/2024\/08\/14\/otobus-sarampole-devrildi-26-yarali\/","title":{"rendered":"Otob\u00fcs \u015earampole Devrildi: 26 Yaral\u0131!"},"content":{"rendered":"\n<p><\/p>\n\n\n\n<p><strong>Malatya&#8217;n\u0131n Ak\u00e7ada\u011f il\u00e7esinde yolcu otob\u00fcs\u00fcn\u00fcn devrilmesi sonucu 26 ki\u015fi yaraland\u0131.<\/strong><\/p>\n\n\n\n<p>Bodrum&#8217;dan Van&#8217;a giden \u015e.C. idaresindeki yolcu otob\u00fcs\u00fc, D-300 kara yolu Do\u011fanlar Mahallesi mevkiinde \u015farampole devrildi.<\/p>\n\n\n\n<p>\u00c7evredekilerin ihbar\u0131 \u00fczerine kaza yerine 112 Acil Sa\u011fl\u0131k, AFAD, polis, jandarma ve itfaiye ekipleri sevk edildi.<\/p>\n\n\n\n<figure class=\"wp-block-image size-full\"><img loading=\"lazy\" decoding=\"async\" width=\"753\" height=\"424\" src=\"https:\/\/www.urfabugun.com\/wp-content\/uploads\/2024\/08\/MALATYADA-YOLCU-OTOBUSU-SARAMPOLE-YUVAR_93775_media4.jpg\" alt=\"\" class=\"wp-image-16477\"\/><\/figure>\n\n\n\n<p>Kazada otob\u00fcste bulunan 36 yolcudan 25&#8217;i ile 1 muavin yaraland\u0131. Yaral\u0131lar, ambulanslarla Malatya E\u011fitim ve Ara\u015ft\u0131rma Hastanesi ile Turgut \u00d6zal T\u0131p Merkezine kald\u0131r\u0131ld\u0131.<\/p>\n\n\n\n<p><strong>YARALILARIN TEDAV\u0130S\u0130 S\u00dcR\u00dcYOR<\/strong><\/p>\n\n\n\n<p>Malatya Valisi Seddar Yavuz, sosyal medya hesab\u0131ndan yapt\u0131\u011f\u0131 payla\u015f\u0131mda, kazada yaralananlar\u0131 hastanede ziyaret etti\u011fine dair foto\u011fraflar payla\u015ft\u0131.<\/p>\n\n\n\n<p>Vali Yavuz, a\u00e7\u0131klamas\u0131nda, &#8220;Bodrum-Van seferini yapan yolcu otob\u00fcs\u00fcn\u00fcn Ak\u00e7ada\u011f il\u00e7emizde \u015farampole yuvarlanmas\u0131 sonucu yaralanan 26 karde\u015fimize Allah&#8217;tan acil \u015fifalar diliyorum. Hayati tehlikesi olan yaral\u0131m\u0131z ilk tespitlere g\u00f6re bulunmamaktad\u0131r. Ge\u00e7mi\u015f olsun.&#8221; ifadelerini kulland\u0131.<\/p>\n","protected":false},"excerpt":{"rendered":"<p>Malatya&#8217;n\u0131n Ak\u00e7ada\u011f il\u00e7esinde yolcu otob\u00fcs\u00fcn\u00fcn devrilmesi sonucu 26 ki\u015fi yaraland\u0131. Bodrum&#8217;dan Van&#8217;a giden \u015e.C. idaresindeki yolcu&#46;&#46;&#46;<\/p>\n","protected":false},"author":2,"featured_media":16476,"comment_status":"open","ping_status":"open","sticky":false,"template":"","format":"standard","meta":{"inline_featured_image":false,"footnotes":""},"categories":[75],"tags":[4739,131,107],"manset":[],"class_list":["post-16474","post","type-post","status-publish","format-standard","has-post-thumbnail","hentry","category-asayis-haberleri","tag-otobus-sarampole-devrildi-26-yarali","tag-son-dakika","tag-ub"],"_links":{"self":[{"href":"https:\/\/www.urfabugun.com\/index.php\/wp-json\/wp\/v2\/posts\/16474","targetHints":{"allow":["GET"]}}],"collection":[{"href":"https:\/\/www.urfabugun.com\/index.php\/wp-json\/wp\/v2\/posts"}],"about":[{"href":"https:\/\/www.urfabugun.com\/index.php\/wp-json\/wp\/v2\/types\/post"}],"author":[{"embeddable":true,"href":"https:\/\/www.urfabugun.com\/index.php\/wp-json\/wp\/v2\/users\/2"}],"replies":[{"embeddable":true,"href":"https:\/\/www.urfabugun.com\/index.php\/wp-json\/wp\/v2\/comments?post=16474"}],"version-history":[{"count":0,"href":"https:\/\/www.urfabugun.com\/index.php\/wp-json\/wp\/v2\/posts\/16474\/revisions"}],"wp:featuredmedia":[{"embeddable":true,"href":"https:\/\/www.urfabugun.com\/index.php\/wp-json\/wp\/v2\/media\/16476"}],"wp:attachment":[{"href":"https:\/\/www.urfabugun.com\/index.php\/wp-json\/wp\/v2\/media?parent=16474"}],"wp:term":[{"taxonomy":"category","embeddable":true,"href":"https:\/\/www.urfabugun.com\/index.php\/wp-json\/wp\/v2\/categories?post=16474"},{"taxonomy":"post_tag","embeddable":true,"href":"https:\/\/www.urfabugun.com\/index.php\/wp-json\/wp\/v2\/tags?post=16474"},{"taxonomy":"manset","embeddable":true,"href":"https:\/\/www.urfabugun.com\/index.php\/wp-json\/wp\/v2\/manset?post=16474"}],"curies":[{"name":"wp","href":"https:\/\/api.w.org\/{rel}","templated":true}]}}