{"id":16532,"date":"2024-08-16T13:49:28","date_gmt":"2024-08-16T10:49:28","guid":{"rendered":"https:\/\/www.urfabugun.com\/?p=16532"},"modified":"2024-08-16T13:49:48","modified_gmt":"2024-08-16T10:49:48","slug":"sanliurfada-damper-ile-piston-arasina-sikisan-19-yasindaki-genc-hayatini-kaybetti","status":"publish","type":"post","link":"https:\/\/www.urfabugun.com\/index.php\/2024\/08\/16\/sanliurfada-damper-ile-piston-arasina-sikisan-19-yasindaki-genc-hayatini-kaybetti\/","title":{"rendered":"\u015eanl\u0131urfa\u2019da Damper \u0130le Piston Aras\u0131na S\u0131k\u0131\u015fan 19 Ya\u015f\u0131ndaki Gen\u00e7 Hayat\u0131n\u0131 Kaybetti!"},"content":{"rendered":"\n<p><\/p>\n\n\n\n<p><strong>\u015eanl\u0131urfa\u2019n\u0131n Viran\u015fehir il\u00e7esinde kendisine ait kamyonun pistonunu ya\u011flad\u0131\u011f\u0131 esnada damper ile piston aras\u0131na s\u0131k\u0131\u015fan 19 ya\u015f\u0131ndaki gen\u00e7 hayat\u0131n\u0131 kaybetti.<\/strong><\/p>\n\n\n\n<p>Olay, \u015eanl\u0131urfa\u2019n\u0131n Viran\u015fehir il\u00e7esinde bulunan Teped\u00fcz\u00fc Mahallesinde meydana geldi.<\/p>\n\n\n\n<p>\u0130ddiaya g\u00f6re kendisine ait kamyonun pistonunu ya\u011flad\u0131\u011f\u0131 esnada damper ile piston aras\u0131na s\u0131k\u0131\u015fan 19 ya\u015f\u0131ndaki Mehmet Re\u015fit Yang\u0131n&nbsp; a\u011f\u0131r yaraland\u0131.<\/p>\n\n\n\n<p>\u00c7evredekiler durumu hemen 112 Acil \u00c7a\u011fr\u0131 Merkezi\u2019ne bildirdi. \u0130hbar \u00fczerine olay yerine sa\u011fl\u0131k ve polis ekipleri sevk edildi.<\/p>\n\n\n\n<p>Olay yerine gelen sa\u011fl\u0131k birimleri yaral\u0131ya yapt\u0131klar\u0131 ilk m\u00fcdahalenin ard\u0131ndan ambulansa ile Viran\u015fehir Devlet Hastanesine kald\u0131r\u0131lan Mehmet Re\u015fit Yang\u0131n ard\u0131ndan \u015eanl\u0131urfa Mehmet Akif \u0130nan E\u011fitim ve ara\u015ft\u0131rma hastanesine sevk edildi.<\/p>\n\n\n\n<p>Hastanede tedavi alt\u0131na al\u0131nan Mehmet Re\u015fit Yang\u0131n yap\u0131lan t\u00fcm m\u00fcdahaleye ra\u011fmen kurtulamayarak hayat\u0131n\u0131 kaybetti.<\/p>\n\n\n\n<p>Ekipler olayla ilgili soru\u015fturma ba\u015flatt\u0131.<\/p>\n","protected":false},"excerpt":{"rendered":"<p>\u015eanl\u0131urfa\u2019n\u0131n Viran\u015fehir il\u00e7esinde kendisine ait kamyonun pistonunu ya\u011flad\u0131\u011f\u0131 esnada damper ile piston aras\u0131na s\u0131k\u0131\u015fan 19 ya\u015f\u0131ndaki&#46;&#46;&#46;<\/p>\n","protected":false},"author":2,"featured_media":16534,"comment_status":"open","ping_status":"open","sticky":false,"template":"","format":"standard","meta":{"inline_featured_image":false,"footnotes":""},"categories":[75],"tags":[4746,131,107],"manset":[],"class_list":["post-16532","post","type-post","status-publish","format-standard","has-post-thumbnail","hentry","category-asayis-haberleri","tag-ehmet-resit-yaygin","tag-son-dakika","tag-ub"],"_links":{"self":[{"href":"https:\/\/www.urfabugun.com\/index.php\/wp-json\/wp\/v2\/posts\/16532","targetHints":{"allow":["GET"]}}],"collection":[{"href":"https:\/\/www.urfabugun.com\/index.php\/wp-json\/wp\/v2\/posts"}],"about":[{"href":"https:\/\/www.urfabugun.com\/index.php\/wp-json\/wp\/v2\/types\/post"}],"author":[{"embeddable":true,"href":"https:\/\/www.urfabugun.com\/index.php\/wp-json\/wp\/v2\/users\/2"}],"replies":[{"embeddable":true,"href":"https:\/\/www.urfabugun.com\/index.php\/wp-json\/wp\/v2\/comments?post=16532"}],"version-history":[{"count":0,"href":"https:\/\/www.urfabugun.com\/index.php\/wp-json\/wp\/v2\/posts\/16532\/revisions"}],"wp:featuredmedia":[{"embeddable":true,"href":"https:\/\/www.urfabugun.com\/index.php\/wp-json\/wp\/v2\/media\/16534"}],"wp:attachment":[{"href":"https:\/\/www.urfabugun.com\/index.php\/wp-json\/wp\/v2\/media?parent=16532"}],"wp:term":[{"taxonomy":"category","embeddable":true,"href":"https:\/\/www.urfabugun.com\/index.php\/wp-json\/wp\/v2\/categories?post=16532"},{"taxonomy":"post_tag","embeddable":true,"href":"https:\/\/www.urfabugun.com\/index.php\/wp-json\/wp\/v2\/tags?post=16532"},{"taxonomy":"manset","embeddable":true,"href":"https:\/\/www.urfabugun.com\/index.php\/wp-json\/wp\/v2\/manset?post=16532"}],"curies":[{"name":"wp","href":"https:\/\/api.w.org\/{rel}","templated":true}]}}