{"id":16540,"date":"2024-08-17T09:35:43","date_gmt":"2024-08-17T06:35:43","guid":{"rendered":"https:\/\/www.urfabugun.com\/?p=16540"},"modified":"2024-08-17T09:35:57","modified_gmt":"2024-08-17T06:35:57","slug":"sanliurfada-isyerine-silahli-saldiri-3-olu-3-gozalti","status":"publish","type":"post","link":"https:\/\/www.urfabugun.com\/index.php\/2024\/08\/17\/sanliurfada-isyerine-silahli-saldiri-3-olu-3-gozalti\/","title":{"rendered":"\u015eanl\u0131urfa\u2019da \u0130\u015fyerine Silahl\u0131 Sald\u0131r\u0131, 3 \u00d6l\u00fc, 3 G\u00f6zalt\u0131!"},"content":{"rendered":"\n<p><\/p>\n\n\n\n<p><strong>\u015eanl\u0131urfa\u2019n\u0131n Eyy\u00fcbiye il\u00e7esinde husumetli iki akraba aras\u0131nda b\u0131\u00e7ak, sopa ve silahlar\u0131n kullan\u0131ld\u0131\u011f\u0131 3 ki\u015fi hayat\u0131n\u0131 kaybetti. Olayla ilgili 3 ki\u015fi g\u00f6zalt\u0131na al\u0131nd\u0131.<\/strong><\/p>\n\n\n\n<p>Olay, d\u00fcn ak\u015fam saatlerinde \u015eanl\u0131urfa\u2019n\u0131n Eyy\u00fcbiye il\u00e7esinde bulunan Bu\u011fday Pazar\u0131 yak\u0131nlar\u0131nda meydana geldi.<\/p>\n\n\n\n<p>\u0130ddiaya g\u00f6re, iki aile aras\u0131nda hen\u00fcz bilinmeyen bir nedenle tart\u0131\u015fma \u00e7\u0131kt\u0131. K\u0131sa s\u00fcrede alevlenen tart\u0131\u015fma silahl\u0131 ve b\u0131\u00e7akl\u0131 kavgaya d\u00f6n\u00fc\u015ft\u00fc.<\/p>\n\n\n\n<p>Silah sesini duyan \u00e7evredeki vatanda\u015flar durumu hemen 112 Acil \u00c7a\u011fr\u0131 Merkezi&#8217;ne bildirdi.<\/p>\n\n\n\n<p>\u0130hbar\u0131 \u00fczerine olay yerine \u00e7ok say\u0131da polis ve sa\u011fl\u0131k ekibi sevk edildi.<\/p>\n\n\n\n<p>Olay yerine gelen sa\u011fl\u0131k birimleri yaral\u0131lara yapt\u0131klar\u0131 ilk m\u00fcdahalede \u0130brahim Halil Baynaz\u2019\u0131n hayat\u0131n\u0131 kaybetti\u011fini belirledi.<\/p>\n\n\n\n<p>Di\u011fer yaral\u0131lar ise ambulanslarla hastanelere sevk edildi.<\/p>\n\n\n\n<p>Hastanede tedavi alt\u0131na al\u0131nan yaral\u0131lardan Ali \u0130lingi ve Ali Baynaz da yap\u0131lan m\u00fcdahalelere ra\u011fmen hayat\u0131n\u0131 kaybetti. Polis ekipleri, kavgaya kar\u0131\u015fan 3 \u015f\u00fcpheliyi g\u00f6zalt\u0131na ald\u0131.<\/p>\n\n\n\n<p>Olayla ilgili soru\u015fturma s\u00fcr\u00fcyor.<\/p>\n","protected":false},"excerpt":{"rendered":"<p>\u015eanl\u0131urfa\u2019n\u0131n Eyy\u00fcbiye il\u00e7esinde husumetli iki akraba aras\u0131nda b\u0131\u00e7ak, sopa ve silahlar\u0131n kullan\u0131ld\u0131\u011f\u0131 3 ki\u015fi hayat\u0131n\u0131 kaybetti.&#46;&#46;&#46;<\/p>\n","protected":false},"author":2,"featured_media":16542,"comment_status":"open","ping_status":"open","sticky":false,"template":"","format":"standard","meta":{"inline_featured_image":false,"footnotes":""},"categories":[75],"tags":[131,107],"manset":[],"class_list":["post-16540","post","type-post","status-publish","format-standard","has-post-thumbnail","hentry","category-asayis-haberleri","tag-son-dakika","tag-ub"],"_links":{"self":[{"href":"https:\/\/www.urfabugun.com\/index.php\/wp-json\/wp\/v2\/posts\/16540","targetHints":{"allow":["GET"]}}],"collection":[{"href":"https:\/\/www.urfabugun.com\/index.php\/wp-json\/wp\/v2\/posts"}],"about":[{"href":"https:\/\/www.urfabugun.com\/index.php\/wp-json\/wp\/v2\/types\/post"}],"author":[{"embeddable":true,"href":"https:\/\/www.urfabugun.com\/index.php\/wp-json\/wp\/v2\/users\/2"}],"replies":[{"embeddable":true,"href":"https:\/\/www.urfabugun.com\/index.php\/wp-json\/wp\/v2\/comments?post=16540"}],"version-history":[{"count":0,"href":"https:\/\/www.urfabugun.com\/index.php\/wp-json\/wp\/v2\/posts\/16540\/revisions"}],"wp:featuredmedia":[{"embeddable":true,"href":"https:\/\/www.urfabugun.com\/index.php\/wp-json\/wp\/v2\/media\/16542"}],"wp:attachment":[{"href":"https:\/\/www.urfabugun.com\/index.php\/wp-json\/wp\/v2\/media?parent=16540"}],"wp:term":[{"taxonomy":"category","embeddable":true,"href":"https:\/\/www.urfabugun.com\/index.php\/wp-json\/wp\/v2\/categories?post=16540"},{"taxonomy":"post_tag","embeddable":true,"href":"https:\/\/www.urfabugun.com\/index.php\/wp-json\/wp\/v2\/tags?post=16540"},{"taxonomy":"manset","embeddable":true,"href":"https:\/\/www.urfabugun.com\/index.php\/wp-json\/wp\/v2\/manset?post=16540"}],"curies":[{"name":"wp","href":"https:\/\/api.w.org\/{rel}","templated":true}]}}