{"id":16572,"date":"2024-08-20T09:54:31","date_gmt":"2024-08-20T06:54:31","guid":{"rendered":"https:\/\/www.urfabugun.com\/?p=16572"},"modified":"2024-08-20T09:54:59","modified_gmt":"2024-08-20T06:54:59","slug":"sanliurfada-akaryakit-istasyonunda-silahli-kavga-1-olu-1-yarali","status":"publish","type":"post","link":"https:\/\/www.urfabugun.com\/index.php\/2024\/08\/20\/sanliurfada-akaryakit-istasyonunda-silahli-kavga-1-olu-1-yarali\/","title":{"rendered":"\u015eanl\u0131urfa\u2019da Akaryak\u0131t \u0130stasyonunda silahl\u0131 kavga, 1 \u00d6l\u00fc, 1 Yaral\u0131!"},"content":{"rendered":"\n<p><\/p>\n\n\n\n<p><strong>\u015eanl\u0131urfa\u2019n\u0131n Karak\u00f6pr\u00fc il\u00e7esinde bir akaryak\u0131t istasyonunda iki grup aras\u0131nda silahl\u0131 kavga \u00e7\u0131kt\u0131. Kavgada 1 ki\u015fi hayat\u0131n\u0131 kaybetti 1 ki\u015fide yaraland\u0131.<\/strong><\/p>\n\n\n\n<p>Olay, Karak\u00f6pr\u00fc il\u00e7esi Ma\u015fuk-TOK\u0130 yolu \u00fczerinde bulunan bir akaryak\u0131t istasyonunda ya\u015fand\u0131.<\/p>\n\n\n\n<p>\u0130ddiaya g\u00f6re, iki grup aras\u0131nda tart\u0131\u015fma \u00e7\u0131kt\u0131.<\/p>\n\n\n\n<p>Tart\u0131\u015fma k\u0131sa s\u00fcrede kavgaya d\u00f6n\u00fc\u015ft\u00fc.<\/p>\n\n\n\n<p>\u00c7\u0131kan silahl\u0131 kavgada \u0130brahim Halil Y. ve ismi \u00f6\u011frenilmeyen 1 ki\u015fi yaraland\u0131.<\/p>\n\n\n\n<p>Kavgan\u0131n ihbar\u0131 \u00fczerine olay yerine \u00e7ok say\u0131da polis ve sa\u011fl\u0131k ekibi sevk edildi.<\/p>\n\n\n\n<p>Olay yerine gelen ekipler yapt\u0131klar\u0131 incelemede \u0130brahim Halil Y.\u2019nin hayat\u0131n\u0131 kaybetti\u011fini belirledi.<\/p>\n\n\n\n<p>Yaralanan ki\u015fi ise yap\u0131lan m\u00fcdahalenin ard\u0131ndan ambulansla Mehmet Akif \u0130nan E\u011fitim ve Ara\u015ft\u0131rma Hastanesine kald\u0131r\u0131ld\u0131.<\/p>\n\n\n\n<p>Hayat\u0131n\u0131 kaybeden \u0130brahim Halil Y.\u2019nin cenazesi ise olay yeri incelemesinin ard\u0131ndan otopsisi yap\u0131lmak \u00fczere Adli T\u0131p Kurumu morguna kald\u0131r\u0131ld\u0131.<\/p>\n\n\n\n<p>Polis olayla ilgili 2 ki\u015fiyi g\u00f6zalt\u0131na ald\u0131.<\/p>\n","protected":false},"excerpt":{"rendered":"<p>\u015eanl\u0131urfa\u2019n\u0131n Karak\u00f6pr\u00fc il\u00e7esinde bir akaryak\u0131t istasyonunda iki grup aras\u0131nda silahl\u0131 kavga \u00e7\u0131kt\u0131. Kavgada 1 ki\u015fi hayat\u0131n\u0131&#46;&#46;&#46;<\/p>\n","protected":false},"author":2,"featured_media":16574,"comment_status":"open","ping_status":"open","sticky":false,"template":"","format":"standard","meta":{"inline_featured_image":false,"footnotes":""},"categories":[75],"tags":[1687,107],"manset":[],"class_list":["post-16572","post","type-post","status-publish","format-standard","has-post-thumbnail","hentry","category-asayis-haberleri","tag-kavga","tag-ub"],"_links":{"self":[{"href":"https:\/\/www.urfabugun.com\/index.php\/wp-json\/wp\/v2\/posts\/16572","targetHints":{"allow":["GET"]}}],"collection":[{"href":"https:\/\/www.urfabugun.com\/index.php\/wp-json\/wp\/v2\/posts"}],"about":[{"href":"https:\/\/www.urfabugun.com\/index.php\/wp-json\/wp\/v2\/types\/post"}],"author":[{"embeddable":true,"href":"https:\/\/www.urfabugun.com\/index.php\/wp-json\/wp\/v2\/users\/2"}],"replies":[{"embeddable":true,"href":"https:\/\/www.urfabugun.com\/index.php\/wp-json\/wp\/v2\/comments?post=16572"}],"version-history":[{"count":0,"href":"https:\/\/www.urfabugun.com\/index.php\/wp-json\/wp\/v2\/posts\/16572\/revisions"}],"wp:featuredmedia":[{"embeddable":true,"href":"https:\/\/www.urfabugun.com\/index.php\/wp-json\/wp\/v2\/media\/16574"}],"wp:attachment":[{"href":"https:\/\/www.urfabugun.com\/index.php\/wp-json\/wp\/v2\/media?parent=16572"}],"wp:term":[{"taxonomy":"category","embeddable":true,"href":"https:\/\/www.urfabugun.com\/index.php\/wp-json\/wp\/v2\/categories?post=16572"},{"taxonomy":"post_tag","embeddable":true,"href":"https:\/\/www.urfabugun.com\/index.php\/wp-json\/wp\/v2\/tags?post=16572"},{"taxonomy":"manset","embeddable":true,"href":"https:\/\/www.urfabugun.com\/index.php\/wp-json\/wp\/v2\/manset?post=16572"}],"curies":[{"name":"wp","href":"https:\/\/api.w.org\/{rel}","templated":true}]}}