{"id":16598,"date":"2024-08-21T10:09:23","date_gmt":"2024-08-21T07:09:23","guid":{"rendered":"https:\/\/www.urfabugun.com\/?p=16598"},"modified":"2024-08-21T10:09:50","modified_gmt":"2024-08-21T07:09:50","slug":"kanala-giren-2-kardesten-kotu-haber","status":"publish","type":"post","link":"https:\/\/www.urfabugun.com\/index.php\/2024\/08\/21\/kanala-giren-2-kardesten-kotu-haber\/","title":{"rendered":"Kanala Giren 2 Karde\u015ften K\u00f6t\u00fc Haber!"},"content":{"rendered":"\n<p><\/p>\n\n\n\n<p><strong>Bo\u011fulan iki suriyeli karde\u015ften birinin cans\u0131z bedenine ula\u015f\u0131ld\u0131.<\/strong><\/p>\n\n\n\n<p>Bo\u011fulma vakas\u0131 d\u00fcn saat 10.30 s\u0131ralar\u0131nda Harran B\u00fcy\u00fckt\u00fcrbe Mahallesi\u2019ndeki sulama kanal\u0131nda ya\u015fanm\u0131\u015ft\u0131.<\/p>\n\n\n\n<p>Suriyeli Yusuf (12) ile a\u011fabeyi \u0130sa Hamadi (16) serinlemek i\u00e7in girdikleri sulama kanal\u0131nda ak\u0131nt\u0131ya kap\u0131lm\u0131\u015f ve g\u00f6zlerden kaybolmu\u015ftu.G\u00fcn boyu arama kurtarma \u00e7al\u0131\u015fmas\u0131nda cesetlerine ula\u015f\u0131lamam\u0131\u015ft\u0131.<\/p>\n\n\n\n<p>K\u00f6yl\u00fcler bu sabah \u00e7ocuklardan birinin cesedinin suya girdikleri noktadan 500 metre ileride su y\u00fczeyine \u00e7\u0131kt\u0131\u011f\u0131n\u0131 fark edince durumu jandarma, AFAD ve Sa\u011fl\u0131k ekiplerine bildirdi.<\/p>\n\n\n\n<p>Sa\u011fl\u0131k ekipleri olay yerine gelerek cenazeyi ambulansla Harran Devlet Hastanesi Morguna kald\u0131rd\u0131.<\/p>\n\n\n\n<p>Ekipler, sulama kanal\u0131nda di\u011fer karde\u015fin aramas\u0131n\u0131 s\u00fcrd\u00fcr\u00fcyor.<\/p>\n","protected":false},"excerpt":{"rendered":"<p>Bo\u011fulan iki suriyeli karde\u015ften birinin cans\u0131z bedenine ula\u015f\u0131ld\u0131. Bo\u011fulma vakas\u0131 d\u00fcn saat 10.30 s\u0131ralar\u0131nda Harran B\u00fcy\u00fckt\u00fcrbe&#46;&#46;&#46;<\/p>\n","protected":false},"author":2,"featured_media":16600,"comment_status":"open","ping_status":"open","sticky":false,"template":"","format":"standard","meta":{"inline_featured_image":false,"footnotes":""},"categories":[75],"tags":[1734,131,107],"manset":[],"class_list":["post-16598","post","type-post","status-publish","format-standard","has-post-thumbnail","hentry","category-asayis-haberleri","tag-bogulma-2","tag-son-dakika","tag-ub"],"_links":{"self":[{"href":"https:\/\/www.urfabugun.com\/index.php\/wp-json\/wp\/v2\/posts\/16598","targetHints":{"allow":["GET"]}}],"collection":[{"href":"https:\/\/www.urfabugun.com\/index.php\/wp-json\/wp\/v2\/posts"}],"about":[{"href":"https:\/\/www.urfabugun.com\/index.php\/wp-json\/wp\/v2\/types\/post"}],"author":[{"embeddable":true,"href":"https:\/\/www.urfabugun.com\/index.php\/wp-json\/wp\/v2\/users\/2"}],"replies":[{"embeddable":true,"href":"https:\/\/www.urfabugun.com\/index.php\/wp-json\/wp\/v2\/comments?post=16598"}],"version-history":[{"count":0,"href":"https:\/\/www.urfabugun.com\/index.php\/wp-json\/wp\/v2\/posts\/16598\/revisions"}],"wp:featuredmedia":[{"embeddable":true,"href":"https:\/\/www.urfabugun.com\/index.php\/wp-json\/wp\/v2\/media\/16600"}],"wp:attachment":[{"href":"https:\/\/www.urfabugun.com\/index.php\/wp-json\/wp\/v2\/media?parent=16598"}],"wp:term":[{"taxonomy":"category","embeddable":true,"href":"https:\/\/www.urfabugun.com\/index.php\/wp-json\/wp\/v2\/categories?post=16598"},{"taxonomy":"post_tag","embeddable":true,"href":"https:\/\/www.urfabugun.com\/index.php\/wp-json\/wp\/v2\/tags?post=16598"},{"taxonomy":"manset","embeddable":true,"href":"https:\/\/www.urfabugun.com\/index.php\/wp-json\/wp\/v2\/manset?post=16598"}],"curies":[{"name":"wp","href":"https:\/\/api.w.org\/{rel}","templated":true}]}}