{"id":16637,"date":"2024-08-23T09:12:36","date_gmt":"2024-08-23T06:12:36","guid":{"rendered":"https:\/\/www.urfabugun.com\/?p=16637"},"modified":"2024-08-23T09:12:55","modified_gmt":"2024-08-23T06:12:55","slug":"akcakalede-tirin-altina-kalan-cocuk-hayatini-kaybetti","status":"publish","type":"post","link":"https:\/\/www.urfabugun.com\/index.php\/2024\/08\/23\/akcakalede-tirin-altina-kalan-cocuk-hayatini-kaybetti\/","title":{"rendered":"Ak\u00e7akale\u2019de TIR\u2019\u0131n Alt\u0131na Kalan \u00c7ocuk Hayat\u0131n\u0131 Kaybetti!"},"content":{"rendered":"\n<p><\/p>\n\n\n\n<p><strong>\u015eanl\u0131urfa\u2019n\u0131n Ak\u00e7akale il\u00e7esinde iddiaya g\u00f6re, TIR&#8217;\u0131n geri manevra yaparken \u00e7arpt\u0131\u011f\u0131 10 ya\u015f\u0131ndaki \u00e7ocuk hayat\u0131n\u0131 kaybetti.<\/strong><\/p>\n\n\n\n<p>Olay, \u015eanl\u0131urfa&#8217;n\u0131n Ak\u00e7akale il\u00e7esi Adnan Menderes Mahallesi\u2019nde meydana geldi.<\/p>\n\n\n\n<p>\u0130ddiaya g\u00f6re, hen\u00fcz s\u00fcr\u00fcc\u00fcs\u00fc ve plakas\u0131 \u00f6\u011frenilmeyen t\u0131r manevra yaparken sokakta arkada\u015flar\u0131yla birlikte bisikletiyle oynayan Yasin Demirkan\u2019a (10) \u00e7arpt\u0131.<\/p>\n\n\n\n<p>Mahallede vatanda\u015flar\u0131n ihbar\u0131 \u00fczerine olay yerine sa\u011fl\u0131k ve polis ekibi sevk edildi.<\/p>\n\n\n\n<p>Sa\u011fl\u0131k ekipleri yapt\u0131klar\u0131 kontrolde k\u00fc\u00e7\u00fck \u00e7ocu\u011fun \u00f6ld\u00fc\u011f\u00fcn\u00fc belirledi.<\/p>\n\n\n\n<p>Olay yeri incelmesinin ard\u0131ndan k\u00fc\u00e7\u00fck \u00e7ocu\u011fun cans\u0131z bedeni Ak\u00e7akale Devlet hastanesi morguna kald\u0131r\u0131ld\u0131.<\/p>\n\n\n\n<p>Ya\u015fanan kaza sonra TIR \u015fof\u00f6r\u00fcn\u00fcn ka\u00e7t\u0131\u011f\u0131 kaydedildi.<\/p>\n\n\n\n<p>Kazayla ilgili soru\u015fturma ba\u015flat\u0131ld\u0131.<\/p>\n","protected":false},"excerpt":{"rendered":"<p>\u015eanl\u0131urfa\u2019n\u0131n Ak\u00e7akale il\u00e7esinde iddiaya g\u00f6re, TIR&#8217;\u0131n geri manevra yaparken \u00e7arpt\u0131\u011f\u0131 10 ya\u015f\u0131ndaki \u00e7ocuk hayat\u0131n\u0131 kaybetti. Olay,&#46;&#46;&#46;<\/p>\n","protected":false},"author":2,"featured_media":16639,"comment_status":"open","ping_status":"open","sticky":false,"template":"","format":"standard","meta":{"inline_featured_image":false,"footnotes":""},"categories":[75],"tags":[184,107],"manset":[],"class_list":["post-16637","post","type-post","status-publish","format-standard","has-post-thumbnail","hentry","category-asayis-haberleri","tag-asayis","tag-ub"],"_links":{"self":[{"href":"https:\/\/www.urfabugun.com\/index.php\/wp-json\/wp\/v2\/posts\/16637","targetHints":{"allow":["GET"]}}],"collection":[{"href":"https:\/\/www.urfabugun.com\/index.php\/wp-json\/wp\/v2\/posts"}],"about":[{"href":"https:\/\/www.urfabugun.com\/index.php\/wp-json\/wp\/v2\/types\/post"}],"author":[{"embeddable":true,"href":"https:\/\/www.urfabugun.com\/index.php\/wp-json\/wp\/v2\/users\/2"}],"replies":[{"embeddable":true,"href":"https:\/\/www.urfabugun.com\/index.php\/wp-json\/wp\/v2\/comments?post=16637"}],"version-history":[{"count":0,"href":"https:\/\/www.urfabugun.com\/index.php\/wp-json\/wp\/v2\/posts\/16637\/revisions"}],"wp:featuredmedia":[{"embeddable":true,"href":"https:\/\/www.urfabugun.com\/index.php\/wp-json\/wp\/v2\/media\/16639"}],"wp:attachment":[{"href":"https:\/\/www.urfabugun.com\/index.php\/wp-json\/wp\/v2\/media?parent=16637"}],"wp:term":[{"taxonomy":"category","embeddable":true,"href":"https:\/\/www.urfabugun.com\/index.php\/wp-json\/wp\/v2\/categories?post=16637"},{"taxonomy":"post_tag","embeddable":true,"href":"https:\/\/www.urfabugun.com\/index.php\/wp-json\/wp\/v2\/tags?post=16637"},{"taxonomy":"manset","embeddable":true,"href":"https:\/\/www.urfabugun.com\/index.php\/wp-json\/wp\/v2\/manset?post=16637"}],"curies":[{"name":"wp","href":"https:\/\/api.w.org\/{rel}","templated":true}]}}