{"id":1672,"date":"2023-01-14T21:13:44","date_gmt":"2023-01-14T18:13:44","guid":{"rendered":"https:\/\/www.urfabugun.com\/?p=1672"},"modified":"2023-01-14T21:14:33","modified_gmt":"2023-01-14T18:14:33","slug":"destek-olamaya-devam-ediyorbaskan-beyazgulden-mujde","status":"publish","type":"post","link":"https:\/\/www.urfabugun.com\/index.php\/2023\/01\/14\/destek-olamaya-devam-ediyorbaskan-beyazgulden-mujde\/","title":{"rendered":"Destek Olmaya Devam Ediyor:Ba\u015fkan Beyazg\u00fcl&#8217;den M\u00fcjde!"},"content":{"rendered":"\n<p><strong>\u015eanl\u0131urfa B\u00fcy\u00fck\u015fehir Belediye Ba\u015fkan\u0131 Zeynel Abidin Beyazg\u00fcl dar gelirli vatanda\u015flar\u0131n yan\u0131nda olmaya devam ediyor.<br><\/strong>Ge\u00e7ti\u011fimiz g\u00fcnlerde halk ekmek projesini kenttin farkl\u0131 b\u00f6lgelerinde dar gelirli vatanda\u015flar\u0131n\u0131n hizmetine sunan Ba\u015fkan Beyazg\u00fcl, yeni projelerle dar gelirli vatanda\u015flar\u0131n yan\u0131nda olmaya devam ediyor.<\/p>\n\n\n\n<figure class=\"wp-block-image size-large\"><img loading=\"lazy\" decoding=\"async\" width=\"1024\" height=\"717\" src=\"https:\/\/www.urfabugun.com\/wp-content\/uploads\/2023\/01\/iuiui-1024x717.png\" alt=\"\" class=\"wp-image-1674\"\/><\/figure>\n\n\n\n<p><br>\u015eanl\u0131urfa&#8217;da 30 y\u0131ld\u0131r g\u00f6n\u00fcll\u00fc A\u015f evi derne\u011fi olarak \u00e7al\u0131\u015fma y\u00fcr\u00fcten A\u015f Evi Derne\u011fi \u015eanl\u0131urfa&#8217;da t\u00fcm yoksullar\u0131n derman\u0131 oluyor. A\u015f evi derne\u011fi Sorumlusu Ali Topal A\u015f evindeki kazanlar\u0131n hay\u0131rseverlerin yard\u0131mlar\u0131yla herzaman kaynad\u0131\u011f\u0131n\u0131 bildirdi.<\/p>\n\n\n\n<figure class=\"wp-block-image size-large\"><img loading=\"lazy\" decoding=\"async\" width=\"1024\" height=\"717\" src=\"https:\/\/www.urfabugun.com\/wp-content\/uploads\/2023\/01\/sdsdd-1024x717.png\" alt=\"\" class=\"wp-image-1675\"\/><\/figure>\n\n\n\n<p><br><strong>&#8221;ONLARIN SEV\u0130NC\u0130,B\u0130Z\u0130M SEV\u0130NC\u0130M\u0130Z!&#8221;<br><\/strong>Ba\u015fkan Beyazg\u00fcl yapt\u0131\u011f\u0131 a\u00e7\u0131klamada dar gelirli vatanda\u015flar\u0131n yan\u0131nda olamaya devam edecekleri belirti; A\u015f evine d\u00fczenli olarak 1000 ekmek verilecek. Hay\u0131r i\u015flemenin tarifi yoktur,burada bu g\u00fczel insanlar\u0131n g\u00f6zlerinin i\u00e7inin g\u00fcld\u00fc\u011f\u00fcn\u00fc g\u00f6r\u00fcyoruz.Onlar\u0131n sevinci bizim sevincimiz&#8221;Dedi.<\/p>\n","protected":false},"excerpt":{"rendered":"<p>\u015eanl\u0131urfa B\u00fcy\u00fck\u015fehir Belediye Ba\u015fkan\u0131 Zeynel Abidin Beyazg\u00fcl dar gelirli vatanda\u015flar\u0131n yan\u0131nda olmaya devam ediyor.Ge\u00e7ti\u011fimiz g\u00fcnlerde halk&#46;&#46;&#46;<\/p>\n","protected":false},"author":2,"featured_media":1676,"comment_status":"open","ping_status":"open","sticky":false,"template":"","format":"standard","meta":{"inline_featured_image":false,"footnotes":""},"categories":[92],"tags":[172,174,107,173],"manset":[],"class_list":["post-1672","post","type-post","status-publish","format-standard","has-post-thumbnail","hentry","category-yasam-haberleri","tag-baskan-beyazgul","tag-mujde","tag-ub","tag-zeynel-abidin-beyazgul"],"_links":{"self":[{"href":"https:\/\/www.urfabugun.com\/index.php\/wp-json\/wp\/v2\/posts\/1672","targetHints":{"allow":["GET"]}}],"collection":[{"href":"https:\/\/www.urfabugun.com\/index.php\/wp-json\/wp\/v2\/posts"}],"about":[{"href":"https:\/\/www.urfabugun.com\/index.php\/wp-json\/wp\/v2\/types\/post"}],"author":[{"embeddable":true,"href":"https:\/\/www.urfabugun.com\/index.php\/wp-json\/wp\/v2\/users\/2"}],"replies":[{"embeddable":true,"href":"https:\/\/www.urfabugun.com\/index.php\/wp-json\/wp\/v2\/comments?post=1672"}],"version-history":[{"count":0,"href":"https:\/\/www.urfabugun.com\/index.php\/wp-json\/wp\/v2\/posts\/1672\/revisions"}],"wp:featuredmedia":[{"embeddable":true,"href":"https:\/\/www.urfabugun.com\/index.php\/wp-json\/wp\/v2\/media\/1676"}],"wp:attachment":[{"href":"https:\/\/www.urfabugun.com\/index.php\/wp-json\/wp\/v2\/media?parent=1672"}],"wp:term":[{"taxonomy":"category","embeddable":true,"href":"https:\/\/www.urfabugun.com\/index.php\/wp-json\/wp\/v2\/categories?post=1672"},{"taxonomy":"post_tag","embeddable":true,"href":"https:\/\/www.urfabugun.com\/index.php\/wp-json\/wp\/v2\/tags?post=1672"},{"taxonomy":"manset","embeddable":true,"href":"https:\/\/www.urfabugun.com\/index.php\/wp-json\/wp\/v2\/manset?post=1672"}],"curies":[{"name":"wp","href":"https:\/\/api.w.org\/{rel}","templated":true}]}}