{"id":16722,"date":"2024-08-30T09:50:32","date_gmt":"2024-08-30T06:50:32","guid":{"rendered":"https:\/\/www.urfabugun.com\/?p=16722"},"modified":"2024-08-30T09:50:52","modified_gmt":"2024-08-30T06:50:52","slug":"dilruba-kayserilioglu-tahliye-edildi","status":"publish","type":"post","link":"https:\/\/www.urfabugun.com\/index.php\/2024\/08\/30\/dilruba-kayserilioglu-tahliye-edildi\/","title":{"rendered":"Dilruba Kayserilio\u011flu Tahliye Edildi!"},"content":{"rendered":"\n<p><\/p>\n\n\n\n<p><strong>\u0130zmir&#8217;de verdi\u011fi bir sokak r\u00f6portaj\u0131nda kulland\u0131\u011f\u0131 ifadeler nedeniyle tutuklanarak cezaevine g\u00f6nderilen Dilruba Kayserilio\u011flu, tahliye edildi.<\/strong><\/p>\n\n\n\n<p>Verdi\u011fi r\u00f6portaj s\u0131ras\u0131nda, Instagram&#8217;a eri\u015fim engeli getirilmesine ili\u015fkin ele\u015ftirilerde bulunurken kulland\u0131\u011f\u0131 ifadeler nedeniyle g\u00f6zalt\u0131na al\u0131nan ve \u00e7\u0131kar\u0131ld\u0131\u011f\u0131 mahkemede tutuklanarak cezaevine g\u00f6nderilen Dilruba Kayserilio\u011flu&#8217;ndan beklenen haber geldi.<\/p>\n\n\n\n<p>&#8220;Halk\u0131 kin ve d\u00fc\u015fmanl\u0131\u011fa tahrik ve a\u015fa\u011f\u0131lama&#8221; ve &#8220;cumhurba\u015fkan\u0131na hakaret&#8221; su\u00e7lamalar\u0131yla yarg\u0131lananDilruba Kayserilio\u011flu&#8217;nun tutuklulu\u011funa avukat\u0131 H\u00fcseyin Y\u0131ld\u0131z taraf\u0131ndan itiraz edilmi\u015f, ancak &#8220;halk\u0131 kin ve d\u00fc\u015fmanl\u0131\u011fa tahrik ve alenen a\u015fa\u011f\u0131lama&#8221; su\u00e7undan tutuklu yarg\u0131lanmas\u0131n\u0131n devam\u0131n\u0131 karar verilmi\u015fti.<\/p>\n\n\n\n<p><strong>\u00d6ZG\u00dcR \u00d6ZEL Z\u0130YARET ETT\u0130<\/strong><\/p>\n\n\n\n<p>CHP Genel Ba\u015fkan\u0131 \u00d6zg\u00fcr \u00d6zel, d\u00fcn Dilruba&#8217;y\u0131 Alia\u011fa \u015eakran Cezaevi&#8217;nde ziyaret etti ve &#8220;Dilruba&#8217;n\u0131n tutuklu\u011fu ba\u015ftan sona hukuksuzluktur. Bir kere d\u00fc\u015f\u00fcncesi ne kadar \u015fok edici olacak olursa olsun herkesin \u015fiddete ba\u015fvurmamak, \u015fiddeti \u00e7a\u011f\u0131rmamak kayd\u0131yla her t\u00fcrl\u00fc d\u00fc\u015f\u00fcnceyi a\u00e7\u0131klama hakk\u0131 vard\u0131r. Bu da anayasal bir hakt\u0131r. Siz bu anayasal hakk\u0131 tart\u0131\u015fmaya a\u00e7\u0131yorsan\u0131z, despotsunuz demektir&#8221; ifadelerini kulland\u0131.<\/p>\n\n\n\n<p><strong>GECE SAATLER\u0130NDE TAHL\u0130YE ED\u0130LD\u0130<\/strong><\/p>\n\n\n\n<p>18 g\u00fcnd\u00fcr tutuklu bulunan Dilruba, gece 02.00-03.00 sular\u0131nda cezaevinden tahliye edildi. Dilruba&#8217;n\u0131n tahliyesine ili\u015fkin gerek\u00e7eli karar\u0131n hen\u00fcz \u00e7\u0131kar\u0131lmad\u0131\u011f\u0131 ifade edildi.<\/p>\n","protected":false},"excerpt":{"rendered":"<p>\u0130zmir&#8217;de verdi\u011fi bir sokak r\u00f6portaj\u0131nda kulland\u0131\u011f\u0131 ifadeler nedeniyle tutuklanarak cezaevine g\u00f6nderilen Dilruba Kayserilio\u011flu, tahliye edildi. Verdi\u011fi&#46;&#46;&#46;<\/p>\n","protected":false},"author":2,"featured_media":16724,"comment_status":"open","ping_status":"open","sticky":false,"template":"","format":"standard","meta":{"inline_featured_image":false,"footnotes":""},"categories":[82],"tags":[4765,131,107],"manset":[],"class_list":["post-16722","post","type-post","status-publish","format-standard","has-post-thumbnail","hentry","category-gundem-haberleri","tag-dilruba-kayserilioglu-tahliye-edildi","tag-son-dakika","tag-ub"],"_links":{"self":[{"href":"https:\/\/www.urfabugun.com\/index.php\/wp-json\/wp\/v2\/posts\/16722","targetHints":{"allow":["GET"]}}],"collection":[{"href":"https:\/\/www.urfabugun.com\/index.php\/wp-json\/wp\/v2\/posts"}],"about":[{"href":"https:\/\/www.urfabugun.com\/index.php\/wp-json\/wp\/v2\/types\/post"}],"author":[{"embeddable":true,"href":"https:\/\/www.urfabugun.com\/index.php\/wp-json\/wp\/v2\/users\/2"}],"replies":[{"embeddable":true,"href":"https:\/\/www.urfabugun.com\/index.php\/wp-json\/wp\/v2\/comments?post=16722"}],"version-history":[{"count":0,"href":"https:\/\/www.urfabugun.com\/index.php\/wp-json\/wp\/v2\/posts\/16722\/revisions"}],"wp:featuredmedia":[{"embeddable":true,"href":"https:\/\/www.urfabugun.com\/index.php\/wp-json\/wp\/v2\/media\/16724"}],"wp:attachment":[{"href":"https:\/\/www.urfabugun.com\/index.php\/wp-json\/wp\/v2\/media?parent=16722"}],"wp:term":[{"taxonomy":"category","embeddable":true,"href":"https:\/\/www.urfabugun.com\/index.php\/wp-json\/wp\/v2\/categories?post=16722"},{"taxonomy":"post_tag","embeddable":true,"href":"https:\/\/www.urfabugun.com\/index.php\/wp-json\/wp\/v2\/tags?post=16722"},{"taxonomy":"manset","embeddable":true,"href":"https:\/\/www.urfabugun.com\/index.php\/wp-json\/wp\/v2\/manset?post=16722"}],"curies":[{"name":"wp","href":"https:\/\/api.w.org\/{rel}","templated":true}]}}