{"id":16932,"date":"2024-09-10T21:36:04","date_gmt":"2024-09-10T18:36:04","guid":{"rendered":"https:\/\/www.urfabugun.com\/?p=16932"},"modified":"2024-09-10T21:36:20","modified_gmt":"2024-09-10T18:36:20","slug":"vali-sildaktan-turizmde-sevindiren-haberler","status":"publish","type":"post","link":"https:\/\/www.urfabugun.com\/index.php\/2024\/09\/10\/vali-sildaktan-turizmde-sevindiren-haberler\/","title":{"rendered":"Vali \u015e\u0131ldak\u2019tan Turizmde Sevindiren Haberler!"},"content":{"rendered":"\n<p><\/p>\n\n\n\n<p>Vali Hasan \u015e\u0131ldak, K\u00fclt\u00fcr ve Turizm Bakanl\u0131\u011f\u0131\u2019n\u0131n bu y\u0131l i\u00e7inde kaz\u0131 \u00e7al\u0131\u015fmalar\u0131 i\u00e7in \u015eanl\u0131urfa\u2019ya 40 Milyon TL tutar\u0131nda b\u00fct\u00e7e ay\u0131rd\u0131\u011f\u0131n\u0131 ve b\u00fct\u00e7e kapsam\u0131nda kaz\u0131 \u00e7al\u0131\u015fmalar\u0131n\u0131n b\u00fcy\u00fck h\u0131z kazand\u0131\u011f\u0131n\u0131 ifade etti. Vali \u015e\u0131ldak ayr\u0131ca Bakanl\u0131k taraf\u0131ndan sa\u011flanacak \u00f6deneklerle G\u00f6beklitepe ve Karahantepe\u2019ye \u00fcstyap\u0131 tesislerinin kazand\u0131r\u0131laca\u011f\u0131n\u0131 s\u00f6yledi.<\/p>\n\n\n\n<p>Vali Hasan \u015e\u0131ldak, g\u00fcndemini tarihi ve k\u00fclt\u00fcrel \u00e7al\u0131\u015fmalar ile Ta\u015ftepeler Projesi kapsam\u0131nda il genelinde 8 noktada devam eden kaz\u0131 \u00e7al\u0131\u015fmalar\u0131n\u0131 konu alan de\u011ferlendirme toplant\u0131lar\u0131na ay\u0131rd\u0131.<\/p>\n\n\n\n<figure class=\"wp-block-image size-large\"><img loading=\"lazy\" decoding=\"async\" width=\"1024\" height=\"683\" src=\"https:\/\/www.urfabugun.com\/wp-content\/uploads\/2024\/09\/a666aff7-1b4d-4490-a86c-025486b9f511-1024x683.jpeg\" alt=\"\" class=\"wp-image-16934\"\/><\/figure>\n\n\n\n<p>Toplant\u0131lar\u0131n ilki Arkeolojik Kaz\u0131 Alanlar\u0131 Koordinasyon Toplant\u0131s\u0131 oldu.<br>Toplant\u0131ya Vali Yard\u0131mc\u0131s\u0131 Harun Re\u015fit Han, Ta\u015f Tepeler Kaz\u0131 Koordinat\u00f6r\u00fc Prof. Dr. Necmi Karul, Sefertepe Kaz\u0131 Ba\u015fkan\u0131 Do\u00e7. Dr. Emre G\u00fcldo\u011fan, Saybur\u00e7 Kaz\u0131 Ba\u015fkan\u0131 Do\u00e7. Dr. Eylem \u00d6zdo\u011fan, \u00c7akmaktepe Kaz\u0131 Ba\u015fkan\u0131 Do\u00e7. Dr. Fatma \u015eahin, G\u00fcrc\u00fctepe Kaz\u0131 Ba\u015fkan\u0131 Do\u00e7. Dr. M\u00fccella Erdalk\u0131ran, \u0130l K\u00fclt\u00fcr ve Turizm M\u00fcd\u00fcr\u00fc Ayd\u0131n Aslan, Arkeoloji M\u00fczesi M\u00fcd\u00fcr\u00fc Celal Uluda\u011f ile yurt d\u0131\u015f\u0131ndan akademisyenler kat\u0131ld\u0131.<br>Ta\u015f Tepeler Projesi kapsam\u0131nda il genelinde 8 ayr\u0131 b\u00f6lgede kaz\u0131 \u00e7al\u0131\u015fmalar\u0131n\u0131n s\u00fcrd\u00fcr\u00fcld\u00fc\u011f\u00fcn\u00fc ifade eden Vali Hasan \u015e\u0131ldak, \u201cTa\u015f Tepeler Projesi ile ilimiz i\u00e7in yeni bir alg\u0131, yeni bir y\u00f6n, bir rota ortaya \u00e7\u0131kt\u0131. Turizm ve k\u00fclt\u00fcr de\u011ferlerimizin g\u00fc\u00e7lenmesine vesile olacak geli\u015fmelerin her g\u00fcn yeni ke\u015fiflerle ortaya \u00e7\u0131kar\u0131lmas\u0131nda bir y\u00f6netici olarak b\u00fcy\u00fck mutluluk duyuyorum\u201d dedi.<br>Kaz\u0131 \u00e7al\u0131\u015fmalar\u0131n\u0131 yak\u0131ndan takip etti\u011fini ve t\u00fcm ekibin titiz bir \u00e7al\u0131\u015fma i\u00e7erisinde oldu\u011funu s\u00f6zlerine ekleyen Vali \u015e\u0131ldak, Ta\u015f Tepeler Projesi ile \u015eanl\u0131urfa\u2019n\u0131n d\u00fcnya genelinde tan\u0131n\u0131rl\u0131\u011f\u0131n\u0131m giderek artt\u0131\u011f\u0131n\u0131 dile getirdi.<\/p>\n\n\n\n<p><em>Gelece\u011fe Miras Projesi \u015eanl\u0131urfa De\u011ferlendirme Toplant\u0131s\u0131<\/em><\/p>\n\n\n\n<p>G\u00fcn\u00fcn bir di\u011fer bulu\u015fmas\u0131 ise Gelece\u011fe Miras Projesi \u015eanl\u0131urfa De\u011ferlendirme Toplant\u0131s\u0131 oldu. Vali Hasan \u015e\u0131ldak\u2019\u0131n ba\u015fkanl\u0131k etti\u011fi toplant\u0131da K\u00fclt\u00fcr ve Turizm Bakanl\u0131\u011f\u0131\u2019n\u0131n il genelinde kaz\u0131 \u00e7al\u0131\u015fmalar\u0131na y\u00f6nelik bak\u0131\u015f a\u00e7\u0131s\u0131 ve katk\u0131lar\u0131 de\u011ferlendirildi. Toplant\u0131da Vali \u015e\u0131ldak, \u201cK\u00fclt\u00fcr ve Turizm Bakan\u0131m\u0131z\u0131n \u015eanl\u0131urfa i\u00e7in \u00f6zel ilgisi var. Ba\u015fta Cumhurba\u015fkan\u0131m\u0131z Say\u0131n Recep Tayyip Erdo\u011fan ve Bakan\u0131m\u0131z Mehmet Nuri Ersoy\u2019a yakla\u015f\u0131mlar\u0131 ve desteklerinden dolay\u0131 te\u015fekk\u00fcr ediyorum. \u0130limiz bir a\u00e7\u0131k hava m\u00fczesi gibi adeta. \u015eu anda 11 farkl\u0131 noktada kaz\u0131 \u00e7al\u0131\u015fmalar\u0131m\u0131z s\u00fcr\u00fcyor. Gelece\u011fe Miras Projesi ile \u015fimdiye kadar hi\u00e7 olmad\u0131\u011f\u0131 \u00f6l\u00e7\u00fcde bakanl\u0131\u011f\u0131m\u0131z destek sa\u011fl\u0131yor. Y\u0131l i\u00e7erisinde 40 milyon TL\u2019ye yak\u0131n bir b\u00fct\u00e7enin ilimize intikali olacak. Ayr\u0131ca hem Karahantepe\u2019de hem de G\u00f6beklitepe\u2019de \u00e7ok g\u00fczel \u00fcst yap\u0131 tesisleri olu\u015fturulacak\u201d \u015feklinde konu\u015ftu.<\/p>\n\n\n\n<p><em>D\u00fcnya Neolitik Kongresi 4-8 Kas\u0131m Tarihlerinde Yap\u0131lacak<\/em><\/p>\n\n\n\n<p>G\u00fcn\u00fcn \u00fc\u00e7\u00fcnc\u00fc toplant\u0131s\u0131nda ise Vali \u015e\u0131ldak \u015eanl\u0131urfa i\u00e7in bir ba\u015fka m\u00fcjdeli haberi daha verdi. Vali \u015e\u0131ldak, 4-8 Kas\u0131m tarihleri aras\u0131nda ger\u00e7ekle\u015ftirilecek D\u00fcnya Neolitik Kongresi\u2019nin bir ilk olaca\u011f\u0131n\u0131 ve bu anlamda bir \u00e7ok \u00fclkeden akademisyen ve uzman\u0131n \u015eanl\u0131urfa\u2019da bir araya gelece\u011fini belirtti.<br>Vali \u015e\u0131ldak, \u201cBu bulu\u015fma ile birlikte yine neolitik s\u00f6zc\u00fc\u011f\u00fcn\u00fcn ger\u00e7ek de\u011ferinin \u015eanl\u0131urfa\u2019da \u00e7ok daha de\u011fer kazanaca\u011f\u0131n\u0131 d\u00fc\u015f\u00fcn\u00fcyorum. B\u00f6ylesine bir bulu\u015fman\u0131n d\u00fcnyada ilk kez olacak olmas\u0131 ilimiz ad\u0131na mutluluk verici. \u0130n\u015fallah 4-8 Kas\u0131m tarihleri aras\u0131nda ilimizdeki t\u00fcm arkeolojik \u00e7al\u0131\u015fmalara ivme kazand\u0131racak bu giri\u015fim, Valili\u011fimiz ile birlikte B\u00fcy\u00fck\u015fehir Belediyemiz, Kalk\u0131nma Ajans\u0131m\u0131z\u0131n ve iki g\u00fczide \u00fcniversitemiz destekleriyle ilimizde yap\u0131lacakt\u0131r. \u015eanl\u0131urfa ad\u0131na gurur duyaca\u011f\u0131m\u0131z bir bulu\u015fma olacak. Bizler de bu organizasyona katk\u0131 sunmak i\u00e7in heyecanlan\u0131yoruz\u201d diye konu\u015ftu.<\/p>\n\n\n\n<p><em>Turizm Tan\u0131t\u0131m ve Geli\u015ftirme Kurulu Toplant\u0131s\u0131 Yap\u0131ld\u0131<\/em><\/p>\n\n\n\n<p>G\u00fcn\u00fcn son bulu\u015fmas\u0131 ise Turizm Tan\u0131t\u0131m ve Geli\u015ftirme Kurulu Toplant\u0131s\u0131 ile tamamland\u0131. Haliliye Belediye Ba\u015fkan\u0131 Mehmet Canpolat, Karak\u00f6pr\u00fc Belediye Ba\u015fkan\u0131 Nihat \u00c7ift\u00e7i, Eyy\u00fcbiye Belediye Ba\u015fkan Yard\u0131mc\u0131s\u0131 H\u00fcseyin Asl\u0131han, B\u00fcy\u00fck\u015fehir Belediyesi K\u00fclt\u00fcr ve Turizm Daire Ba\u015fkan\u0131 Merve Ofluo\u011flu, \u015eanl\u0131urfa Ticaret ve Sanayi Odas\u0131 Ba\u015fkan\u0131 Mehmet Do\u011fan Yetim, GAP \u0130daresi Ba\u015fkan\u0131 Hasan Maral, Karacada\u011f Kalk\u0131nma Ajans\u0131 Genel Sekreteri Yunus \u00c7olak, \u015eanl\u0131urfa Turizmi Geli\u015ftirme Ajans\u0131 Uzman\u0131 M. G\u00f6khan Yurtseven ve TURSAB \u0130l Temsilcisi Ali Canbek\u2019in kat\u0131ld\u0131\u011f\u0131 toplant\u0131n\u0131n ard\u0131ndan k\u0131sa bir de\u011ferlendirme yapan Vali \u015e\u0131ldak, \u201cTurizm Tan\u0131t\u0131m ve Geli\u015ftirme Kurulu Toplant\u0131s\u0131nda, \u00e7ok geni\u015f bir k\u00fclt\u00fcr ve turizm potansiyeline sahip olan \u015eanl\u0131urfa\u2019da ilgili kurumlar\u0131m\u0131z ve yerel y\u00f6netimlerimizle bir araya gelerek y\u00fcr\u00fctt\u00fc\u011f\u00fcm\u00fcz \u00e7al\u0131\u015fmalar\u0131 de\u011ferlendiriyor, yeni faaliyetleri planl\u0131yoruz. T\u00fcrkiye Turizm Tan\u0131t\u0131m ve Geli\u015ftirme Ajans\u0131n\u0131n \u0130limize sunaca\u011f\u0131 katk\u0131lar\u0131 da ele ald\u0131\u011f\u0131m\u0131z toplant\u0131m\u0131zda kurumlar\u0131m\u0131z\u0131n b\u00fct\u00fcnl\u00fck i\u00e7inde \u00e7al\u0131\u015fma y\u00fcr\u00fctmesi ilkesi benimsendi. \u0130lgi ve alakalar\u0131ndan dolay\u0131 t\u00fcm kat\u0131l\u0131mc\u0131lar\u0131m\u0131za te\u015fekk\u00fcr ediyoruz\u201d ifadelerini kulland\u0131.<\/p>\n","protected":false},"excerpt":{"rendered":"<p>Vali Hasan \u015e\u0131ldak, K\u00fclt\u00fcr ve Turizm Bakanl\u0131\u011f\u0131\u2019n\u0131n bu y\u0131l i\u00e7inde kaz\u0131 \u00e7al\u0131\u015fmalar\u0131 i\u00e7in \u015eanl\u0131urfa\u2019ya 40 Milyon&#46;&#46;&#46;<\/p>\n","protected":false},"author":2,"featured_media":16935,"comment_status":"open","ping_status":"open","sticky":false,"template":"","format":"standard","meta":{"inline_featured_image":false,"footnotes":""},"categories":[82,84],"tags":[2518,131,107],"manset":[],"class_list":["post-16932","post","type-post","status-publish","format-standard","has-post-thumbnail","hentry","category-gundem-haberleri","category-kultur-sanat-haberleri","tag-hasan-sildak","tag-son-dakika","tag-ub"],"_links":{"self":[{"href":"https:\/\/www.urfabugun.com\/index.php\/wp-json\/wp\/v2\/posts\/16932","targetHints":{"allow":["GET"]}}],"collection":[{"href":"https:\/\/www.urfabugun.com\/index.php\/wp-json\/wp\/v2\/posts"}],"about":[{"href":"https:\/\/www.urfabugun.com\/index.php\/wp-json\/wp\/v2\/types\/post"}],"author":[{"embeddable":true,"href":"https:\/\/www.urfabugun.com\/index.php\/wp-json\/wp\/v2\/users\/2"}],"replies":[{"embeddable":true,"href":"https:\/\/www.urfabugun.com\/index.php\/wp-json\/wp\/v2\/comments?post=16932"}],"version-history":[{"count":0,"href":"https:\/\/www.urfabugun.com\/index.php\/wp-json\/wp\/v2\/posts\/16932\/revisions"}],"wp:featuredmedia":[{"embeddable":true,"href":"https:\/\/www.urfabugun.com\/index.php\/wp-json\/wp\/v2\/media\/16935"}],"wp:attachment":[{"href":"https:\/\/www.urfabugun.com\/index.php\/wp-json\/wp\/v2\/media?parent=16932"}],"wp:term":[{"taxonomy":"category","embeddable":true,"href":"https:\/\/www.urfabugun.com\/index.php\/wp-json\/wp\/v2\/categories?post=16932"},{"taxonomy":"post_tag","embeddable":true,"href":"https:\/\/www.urfabugun.com\/index.php\/wp-json\/wp\/v2\/tags?post=16932"},{"taxonomy":"manset","embeddable":true,"href":"https:\/\/www.urfabugun.com\/index.php\/wp-json\/wp\/v2\/manset?post=16932"}],"curies":[{"name":"wp","href":"https:\/\/api.w.org\/{rel}","templated":true}]}}