{"id":16937,"date":"2024-09-11T09:24:38","date_gmt":"2024-09-11T06:24:38","guid":{"rendered":"https:\/\/www.urfabugun.com\/?p=16937"},"modified":"2024-09-11T09:24:43","modified_gmt":"2024-09-11T06:24:43","slug":"viransehirde-otomobil-takla-atti-1-yarali","status":"publish","type":"post","link":"https:\/\/www.urfabugun.com\/index.php\/2024\/09\/11\/viransehirde-otomobil-takla-atti-1-yarali\/","title":{"rendered":"Viran\u015fehir&#8217;de Otomobil Takla Att\u0131: 1 Yaral\u0131!"},"content":{"rendered":"\n<p><\/p>\n\n\n\n<p><strong>\u015eanl\u0131urfa\u2019n\u0131n Viran\u015fehir il\u00e7esinde kontrolden \u00e7\u0131kan otomobil takla att\u0131. Meydana gelen kazada s\u00fcr\u00fcc\u00fc yara\u015fand\u0131.<\/strong><\/p>\n\n\n\n<p>Kaza, \u015eanl\u0131urfa\u2019n\u0131n Viran\u015fehir il\u00e7esi Ey\u00fcp nebi k\u0131rsal Mahallesi\u2019nde ya\u015fand\u0131.<\/p>\n\n\n\n<p>\u0130ddiaya g\u00f6re, hen\u00fcz s\u00fcr\u00fcc\u00fcs\u00fcn\u00fcn ismi \u00f6\u011frenilmeyen 63 AP 757 plakal\u0131 otomobil s\u00fcr\u00fcc\u00fcs\u00fcn\u00fcn direksiyon hakimiyetimi kaybetmesi sonucu ara\u00e7 takla att\u0131.<\/p>\n\n\n\n<p>Meydana gelen kazada s\u00fcr\u00fcc\u00fc yaraland\u0131.<\/p>\n\n\n\n<p>Kazan\u0131n ihbar\u0131 \u00fczerine olay yerine jandarma ve Acil Sa\u011fl\u0131k ekibi sevk edildi.<\/p>\n\n\n\n<p>Yaral\u0131 s\u00fcr\u00fcc\u00fc olay yerinde yap\u0131lan ilk m\u00fcdahalenin ard\u0131ndan ambulans ile Viran\u015fehir Devlet hastanesine kald\u0131r\u0131ld\u0131.<\/p>\n\n\n\n<p>Yaral\u0131 s\u00fcr\u00fcc\u00fcn\u00fcn sa\u011fl\u0131k durumunun iyi oldu\u011fu \u00f6\u011frenildi.<\/p>\n\n\n\n<p>Kazayla ilgili inceleme ba\u015flat\u0131ld\u0131.<\/p>\n","protected":false},"excerpt":{"rendered":"<p>\u015eanl\u0131urfa\u2019n\u0131n Viran\u015fehir il\u00e7esinde kontrolden \u00e7\u0131kan otomobil takla att\u0131. Meydana gelen kazada s\u00fcr\u00fcc\u00fc yara\u015fand\u0131. Kaza, \u015eanl\u0131urfa\u2019n\u0131n Viran\u015fehir&#46;&#46;&#46;<\/p>\n","protected":false},"author":2,"featured_media":16939,"comment_status":"open","ping_status":"open","sticky":false,"template":"","format":"standard","meta":{"inline_featured_image":false,"footnotes":""},"categories":[75],"tags":[184,131,107],"manset":[],"class_list":["post-16937","post","type-post","status-publish","format-standard","has-post-thumbnail","hentry","category-asayis-haberleri","tag-asayis","tag-son-dakika","tag-ub"],"_links":{"self":[{"href":"https:\/\/www.urfabugun.com\/index.php\/wp-json\/wp\/v2\/posts\/16937","targetHints":{"allow":["GET"]}}],"collection":[{"href":"https:\/\/www.urfabugun.com\/index.php\/wp-json\/wp\/v2\/posts"}],"about":[{"href":"https:\/\/www.urfabugun.com\/index.php\/wp-json\/wp\/v2\/types\/post"}],"author":[{"embeddable":true,"href":"https:\/\/www.urfabugun.com\/index.php\/wp-json\/wp\/v2\/users\/2"}],"replies":[{"embeddable":true,"href":"https:\/\/www.urfabugun.com\/index.php\/wp-json\/wp\/v2\/comments?post=16937"}],"version-history":[{"count":0,"href":"https:\/\/www.urfabugun.com\/index.php\/wp-json\/wp\/v2\/posts\/16937\/revisions"}],"wp:featuredmedia":[{"embeddable":true,"href":"https:\/\/www.urfabugun.com\/index.php\/wp-json\/wp\/v2\/media\/16939"}],"wp:attachment":[{"href":"https:\/\/www.urfabugun.com\/index.php\/wp-json\/wp\/v2\/media?parent=16937"}],"wp:term":[{"taxonomy":"category","embeddable":true,"href":"https:\/\/www.urfabugun.com\/index.php\/wp-json\/wp\/v2\/categories?post=16937"},{"taxonomy":"post_tag","embeddable":true,"href":"https:\/\/www.urfabugun.com\/index.php\/wp-json\/wp\/v2\/tags?post=16937"},{"taxonomy":"manset","embeddable":true,"href":"https:\/\/www.urfabugun.com\/index.php\/wp-json\/wp\/v2\/manset?post=16937"}],"curies":[{"name":"wp","href":"https:\/\/api.w.org\/{rel}","templated":true}]}}