{"id":17005,"date":"2024-09-17T09:53:03","date_gmt":"2024-09-17T06:53:03","guid":{"rendered":"https:\/\/www.urfabugun.com\/?p=17005"},"modified":"2024-09-17T09:53:10","modified_gmt":"2024-09-17T06:53:10","slug":"eyyubiyede-insattan-dusen-18-yasindaki-isci-agir-yaralandi","status":"publish","type":"post","link":"https:\/\/www.urfabugun.com\/index.php\/2024\/09\/17\/eyyubiyede-insattan-dusen-18-yasindaki-isci-agir-yaralandi\/","title":{"rendered":"Eyy\u00fcbiye\u2019de \u0130n\u015fattan D\u00fc\u015fen 18 Ya\u015f\u0131ndaki \u0130\u015f\u00e7i A\u011f\u0131r Yaraland\u0131!"},"content":{"rendered":"\n<p><\/p>\n\n\n\n<p><strong>\u015eanl\u0131urfa\u2019n\u0131n Eyy\u00fcbiye il\u00e7esinde bir in\u015faat\u0131n 4&#8217;\u00fcnc\u00fc kat\u0131ndaki iskeleden yere d\u00fc\u015fen 18 ya\u015f\u0131ndaki i\u015f\u00e7i a\u011f\u0131r yaraland\u0131.<\/strong><\/p>\n\n\n\n<p>Olay, \u015eanl\u0131urfa\u2019n\u0131n Eyy\u00fcbiye il\u00e7esi Hayati Harrani Mahallesi\u2019nde meydana geldi.<\/p>\n\n\n\n<p>\u0130ddiaya g\u00f6re mahallede bulunan bir in\u015faat\u0131n 4&#8217;\u00fcnc\u00fc kat\u0131ndan bulunan isketede \u00e7al\u0131\u015fan 18 ya\u015f\u0131ndaki yabanc\u0131 uyruklu gen\u00e7 hen\u00fcz bilinmeyen bir nedenle yere d\u00fc\u015ft\u00fc.<\/p>\n\n\n\n<p>Zemin kata yere \u00e7ak\u0131lan i\u015f\u00e7i a\u011f\u0131r yaralan\u0131rken iskelenin d\u00fc\u015fmesi sonucu elektrik telleri koptu.<\/p>\n\n\n\n<p>\u0130\u015f\u00e7inin d\u00fc\u015ft\u00fc\u011f\u00fcn\u00fc g\u00f6ren vatanda\u015flar\u0131n ihbar\u0131 \u00fczerine olay yerine polis ve Acil Sa\u011fl\u0131k ekibi sevk edildi.<\/p>\n\n\n\n<p>A\u011f\u0131r yaralanan i\u015f\u00e7i olay yerinde yap\u0131lan ilk m\u00fcdahalenin ard\u0131ndan ambulans ile \u015eanl\u0131urfa E\u011fitim ve Ara\u015ft\u0131rma Hastanesi\u2019ne kald\u0131r\u0131ld\u0131.<\/p>\n\n\n\n<p>Olayla ilgili soru\u015fturma ba\u015flat\u0131ld\u0131.<\/p>\n","protected":false},"excerpt":{"rendered":"<p>\u015eanl\u0131urfa\u2019n\u0131n Eyy\u00fcbiye il\u00e7esinde bir in\u015faat\u0131n 4&#8217;\u00fcnc\u00fc kat\u0131ndaki iskeleden yere d\u00fc\u015fen 18 ya\u015f\u0131ndaki i\u015f\u00e7i a\u011f\u0131r yaraland\u0131. Olay,&#46;&#46;&#46;<\/p>\n","protected":false},"author":2,"featured_media":10822,"comment_status":"open","ping_status":"open","sticky":false,"template":"","format":"standard","meta":{"inline_featured_image":false,"footnotes":""},"categories":[75],"tags":[4795,118,131,107],"manset":[],"class_list":["post-17005","post","type-post","status-publish","format-standard","has-post-thumbnail","hentry","category-asayis-haberleri","tag-insaat","tag-sanliurfa","tag-son-dakika","tag-ub"],"_links":{"self":[{"href":"https:\/\/www.urfabugun.com\/index.php\/wp-json\/wp\/v2\/posts\/17005","targetHints":{"allow":["GET"]}}],"collection":[{"href":"https:\/\/www.urfabugun.com\/index.php\/wp-json\/wp\/v2\/posts"}],"about":[{"href":"https:\/\/www.urfabugun.com\/index.php\/wp-json\/wp\/v2\/types\/post"}],"author":[{"embeddable":true,"href":"https:\/\/www.urfabugun.com\/index.php\/wp-json\/wp\/v2\/users\/2"}],"replies":[{"embeddable":true,"href":"https:\/\/www.urfabugun.com\/index.php\/wp-json\/wp\/v2\/comments?post=17005"}],"version-history":[{"count":0,"href":"https:\/\/www.urfabugun.com\/index.php\/wp-json\/wp\/v2\/posts\/17005\/revisions"}],"wp:featuredmedia":[{"embeddable":true,"href":"https:\/\/www.urfabugun.com\/index.php\/wp-json\/wp\/v2\/media\/10822"}],"wp:attachment":[{"href":"https:\/\/www.urfabugun.com\/index.php\/wp-json\/wp\/v2\/media?parent=17005"}],"wp:term":[{"taxonomy":"category","embeddable":true,"href":"https:\/\/www.urfabugun.com\/index.php\/wp-json\/wp\/v2\/categories?post=17005"},{"taxonomy":"post_tag","embeddable":true,"href":"https:\/\/www.urfabugun.com\/index.php\/wp-json\/wp\/v2\/tags?post=17005"},{"taxonomy":"manset","embeddable":true,"href":"https:\/\/www.urfabugun.com\/index.php\/wp-json\/wp\/v2\/manset?post=17005"}],"curies":[{"name":"wp","href":"https:\/\/api.w.org\/{rel}","templated":true}]}}