{"id":17017,"date":"2024-09-18T10:26:28","date_gmt":"2024-09-18T07:26:28","guid":{"rendered":"https:\/\/www.urfabugun.com\/?p=17017"},"modified":"2024-09-18T10:26:36","modified_gmt":"2024-09-18T07:26:36","slug":"sanliurfada-12-arac-da-trafikten-men-edildi","status":"publish","type":"post","link":"https:\/\/www.urfabugun.com\/index.php\/2024\/09\/18\/sanliurfada-12-arac-da-trafikten-men-edildi\/","title":{"rendered":"\u015eanl\u0131urfa&#8217;da 12 Ara\u00e7 Da Trafikten Men Edildi!"},"content":{"rendered":"\n<p><\/p>\n\n\n\n<p><strong>\u015eanl\u0131urfa&#8217;da ara\u00e7lar\u0131yla y\u00fck ta\u015f\u0131yan s\u00fcr\u00fcc\u00fclere y\u00f6nelik ger\u00e7ekle\u015ftirilen uygulamada, kurallar\u0131 ihlal eden 99 s\u00fcr\u00fcc\u00fcye ceza uyguland\u0131.<\/strong><\/p>\n\n\n\n<p>\u0130l Emniyet M\u00fcd\u00fcrl\u00fc\u011f\u00fc B\u00f6lge Trafik Denetleme \u015eube M\u00fcd\u00fcrl\u00fc\u011f\u00fcnce ekiplerimizce y\u00fck ta\u015f\u0131yan ara\u00e7 ve s\u00fcr\u00fcc\u00fclere y\u00f6nelik uygulama ger\u00e7ekle\u015ftirildi.<\/p>\n\n\n\n<p>Ak\u00e7akale ve Ad\u0131yaman kara yollar\u0131nda ger\u00e7ekle\u015fen uygulamada 38 motosiklet ve 61 y\u00fck ta\u015f\u0131yan ara\u00e7 olmak \u00fczere toplam 308 ara\u00e7 denetlendi.<\/p>\n\n\n\n<p>Denetleme sonucunda kurallar\u0131 ihlal etti\u011fi belirlenen 99 s\u00fcr\u00fcc\u00fcye ceza uygulan\u0131rken 12 ara\u00e7 da trafikten men edildi.<\/p>\n","protected":false},"excerpt":{"rendered":"<p>\u015eanl\u0131urfa&#8217;da ara\u00e7lar\u0131yla y\u00fck ta\u015f\u0131yan s\u00fcr\u00fcc\u00fclere y\u00f6nelik ger\u00e7ekle\u015ftirilen uygulamada, kurallar\u0131 ihlal eden 99 s\u00fcr\u00fcc\u00fcye ceza uyguland\u0131. \u0130l&#46;&#46;&#46;<\/p>\n","protected":false},"author":2,"featured_media":17019,"comment_status":"open","ping_status":"open","sticky":false,"template":"","format":"standard","meta":{"inline_featured_image":false,"footnotes":""},"categories":[75],"tags":[4796,107],"manset":[],"class_list":["post-17017","post","type-post","status-publish","format-standard","has-post-thumbnail","hentry","category-asayis-haberleri","tag-sanliurfada-12-arac-da-trafikten-men-edildi","tag-ub"],"_links":{"self":[{"href":"https:\/\/www.urfabugun.com\/index.php\/wp-json\/wp\/v2\/posts\/17017","targetHints":{"allow":["GET"]}}],"collection":[{"href":"https:\/\/www.urfabugun.com\/index.php\/wp-json\/wp\/v2\/posts"}],"about":[{"href":"https:\/\/www.urfabugun.com\/index.php\/wp-json\/wp\/v2\/types\/post"}],"author":[{"embeddable":true,"href":"https:\/\/www.urfabugun.com\/index.php\/wp-json\/wp\/v2\/users\/2"}],"replies":[{"embeddable":true,"href":"https:\/\/www.urfabugun.com\/index.php\/wp-json\/wp\/v2\/comments?post=17017"}],"version-history":[{"count":0,"href":"https:\/\/www.urfabugun.com\/index.php\/wp-json\/wp\/v2\/posts\/17017\/revisions"}],"wp:featuredmedia":[{"embeddable":true,"href":"https:\/\/www.urfabugun.com\/index.php\/wp-json\/wp\/v2\/media\/17019"}],"wp:attachment":[{"href":"https:\/\/www.urfabugun.com\/index.php\/wp-json\/wp\/v2\/media?parent=17017"}],"wp:term":[{"taxonomy":"category","embeddable":true,"href":"https:\/\/www.urfabugun.com\/index.php\/wp-json\/wp\/v2\/categories?post=17017"},{"taxonomy":"post_tag","embeddable":true,"href":"https:\/\/www.urfabugun.com\/index.php\/wp-json\/wp\/v2\/tags?post=17017"},{"taxonomy":"manset","embeddable":true,"href":"https:\/\/www.urfabugun.com\/index.php\/wp-json\/wp\/v2\/manset?post=17017"}],"curies":[{"name":"wp","href":"https:\/\/api.w.org\/{rel}","templated":true}]}}