{"id":17021,"date":"2024-09-18T10:32:53","date_gmt":"2024-09-18T07:32:53","guid":{"rendered":"https:\/\/www.urfabugun.com\/?p=17021"},"modified":"2024-09-18T10:33:00","modified_gmt":"2024-09-18T07:33:00","slug":"sanliurfa-buyuk-bir-depreme-hazir-mi","status":"publish","type":"post","link":"https:\/\/www.urfabugun.com\/index.php\/2024\/09\/18\/sanliurfa-buyuk-bir-depreme-hazir-mi\/","title":{"rendered":"\u015eanl\u0131urfa B\u00fcy\u00fck Bir Depreme Haz\u0131r M\u0131?"},"content":{"rendered":"\n<p><\/p>\n\n\n\n<p><strong>T\u00fcrkiye&#8217;nin b\u00fcy\u00fck bir k\u0131sm\u0131 gibi \u015eanl\u0131urfa da deprem riski ta\u015f\u0131yan iller aras\u0131nda yer al\u0131yor. Ancak, b\u00f6lgenin bu do\u011fal afete ne kadar haz\u0131r oldu\u011fu, son y\u0131llarda g\u00fcndemdeki \u00f6nemli sorulardan biri haline geldi.<\/strong><\/p>\n\n\n\n<p><strong>PEK\u0130, \u015eANLIURFA DEPREME NE KADAR HAZIRLIKLI?<\/strong><\/p>\n\n\n\n<p>\u015eehirdeki altyap\u0131 \u00e7al\u0131\u015fmalar\u0131, halk\u0131n bilin\u00e7 d\u00fczeyi ve yetkililerin ald\u0131\u011f\u0131 \u00f6nlemler ne durumda? Altyap\u0131 Yeterli mi? \u015eanl\u0131urfa, G\u00fcneydo\u011fu Anadolu B\u00f6lgesi\u2019nde olmas\u0131na ra\u011fmen 1. derece deprem b\u00f6lgesi olmasa da, yak\u0131n \u00e7evresindeki fay hatlar\u0131 sebebiyle olas\u0131 depremlere kar\u015f\u0131 tedbir al\u0131nmas\u0131 gereken bir il konumunda.<\/p>\n\n\n\n<p>Ancak, \u00f6zellikle eski yap\u0131lar\u0131n durumu, kentsel d\u00f6n\u00fc\u015f\u00fcm projelerinin yava\u015f ilerlemesi, yap\u0131 denetim eksiklikleri ve altyap\u0131 \u00e7al\u0131\u015fmalar\u0131ndaki sorunlar \u015fehri riskli hale getiriyor.<\/p>\n\n\n\n<p>Bina g\u00fcvenli\u011fi a\u00e7\u0131s\u0131ndan, \u015eanl\u0131urfa\u2019daki konutlar\u0131n b\u00fcy\u00fck bir k\u0131sm\u0131 eski yap\u0131lar olup, deprem y\u00f6netmeliklerine uygun olarak in\u015fa edilmemi\u015f.<\/p>\n\n\n\n<p>Son y\u0131llarda kentsel d\u00f6n\u00fc\u015f\u00fcm projeleriyle bu sorun giderilmeye \u00e7al\u0131\u015f\u0131lsa da, s\u00fcre\u00e7 halen yava\u015f ilerliyor. \u015eehir genelinde devam eden in\u015faat ve yenileme projelerinin h\u0131zland\u0131r\u0131lmas\u0131 gerekti\u011fi yetkililer taraf\u0131ndan dile getiriliyor.<\/p>\n\n\n\n<p>Yerel Y\u00f6netimler ve Afet KoordinasyonuYerel y\u00f6netimler, \u015eanl\u0131urfa\u2019da depreme haz\u0131rl\u0131k s\u00fcrecinde \u00e7e\u015fitli \u00e7al\u0131\u015fmalar y\u00fcr\u00fct\u00fcyor. Afet ve Acil Durum Y\u00f6netimi Ba\u015fkanl\u0131\u011f\u0131 (AFAD) ve belediye i\u015f birli\u011fiyle d\u00fczenlenen tatbikatlar, halk\u0131n bilin\u00e7lendirilmesi ad\u0131na \u00f6nemli ad\u0131mlar aras\u0131nda yer al\u0131yor.<\/p>\n\n\n\n<p>\u015eanl\u0131urfa B\u00fcy\u00fck\u015fehir Belediyesi, olas\u0131 bir afet durumunda kullan\u0131lacak olan acil toplanma alanlar\u0131n\u0131n belirlenmesi ve \u015fehir genelinde deprem sim\u00fclasyonlar\u0131 yap\u0131lmas\u0131na \u00f6nc\u00fcl\u00fck ediyor. Ancak bu \u00e7al\u0131\u015fmalar\u0131n yeterlili\u011fi konusunda baz\u0131 vatanda\u015flar, uygulamalar\u0131n daha s\u0131k yap\u0131lmas\u0131 gerekti\u011fini ifade ediyor.<\/p>\n\n\n\n<p>Halk\u0131n Bilinci ve E\u011fitim \u00c7al\u0131\u015fmalar\u0131Deprem s\u0131ras\u0131nda ve sonras\u0131nda ne yap\u0131lmas\u0131 gerekti\u011fi konusunda halk\u0131n bilin\u00e7 d\u00fczeyi de \u00f6nemli bir konu. Yap\u0131lan anketlere g\u00f6re, \u015eanl\u0131urfa\u2019da halk\u0131n b\u00fcy\u00fck bir k\u0131sm\u0131 depreme haz\u0131rl\u0131kl\u0131 olmad\u0131\u011f\u0131n\u0131 d\u00fc\u015f\u00fcn\u00fcyor.<\/p>\n\n\n\n<p>AFAD ve yerel STK\u2019lar, depreme kar\u015f\u0131 bilin\u00e7lendirme ve e\u011fitim \u00e7al\u0131\u015fmalar\u0131 d\u00fczenlese de, bu e\u011fitimlerin yayg\u0131nla\u015ft\u0131r\u0131lmas\u0131 ve daha geni\u015f kitlelere ula\u015ft\u0131r\u0131lmas\u0131 gerekti\u011fi s\u0131k\u00e7a dile getiriliyor.<\/p>\n\n\n\n<p>\u015eanl\u0131urfa\u2019da, Kahramanmara\u015f merkezli 6 \u015eubat 2023\u2019teki depremlerde y\u0131k\u0131lan ve 16 ki\u015finin hayat\u0131n\u0131 kaybetti\u011fi, 9 ki\u015finin de yaraland\u0131\u011f\u0131 Kaya Apartman\u0131\u2019na ili\u015fkin davada 16 y\u0131l 3\u2019er ay hapis cezas\u0131na \u00e7arpt\u0131r\u0131lan yap\u0131 sahibi ve proje m\u00fchendisi hakk\u0131ndaki gerek\u00e7eli karar haz\u0131rlanm\u0131\u015ft\u0131.<\/p>\n\n\n\n<p>\u015eanl\u0131urfa\u2019n\u0131n Gelece\u011fi Deprem riski ile ilgili endi\u015felerin artt\u0131\u011f\u0131 bu d\u00f6nemde, \u015eanl\u0131urfa\u2019n\u0131n g\u00fcvenli bir \u015fehir haline gelebilmesi i\u00e7in kentsel d\u00f6n\u00fc\u015f\u00fcm, yap\u0131 denetimi ve halk\u0131n e\u011fitimi gibi konularda daha fazla \u00e7aba sarf edilmesi gerekiyor.<\/p>\n\n\n\n<p>Uzmanlar, \u015fehirdeki yap\u0131 stokunun yenilenmesi ve afet y\u00f6netimi konusunda daha kapsaml\u0131 ad\u0131mlar at\u0131lmas\u0131 gerekti\u011fini vurguluyor.-<\/p>\n","protected":false},"excerpt":{"rendered":"<p>T\u00fcrkiye&#8217;nin b\u00fcy\u00fck bir k\u0131sm\u0131 gibi \u015eanl\u0131urfa da deprem riski ta\u015f\u0131yan iller aras\u0131nda yer al\u0131yor. Ancak, b\u00f6lgenin&#46;&#46;&#46;<\/p>\n","protected":false},"author":2,"featured_media":17023,"comment_status":"open","ping_status":"open","sticky":false,"template":"","format":"standard","meta":{"inline_featured_image":false,"footnotes":""},"categories":[82],"tags":[178,118,4797,131,107,93],"manset":[],"class_list":["post-17021","post","type-post","status-publish","format-standard","has-post-thumbnail","hentry","category-gundem-haberleri","tag-deprem","tag-sanliurfa","tag-sanliurfa-buyuk-bir-depreme-hazir-mi","tag-son-dakika","tag-ub","tag-ust"],"_links":{"self":[{"href":"https:\/\/www.urfabugun.com\/index.php\/wp-json\/wp\/v2\/posts\/17021","targetHints":{"allow":["GET"]}}],"collection":[{"href":"https:\/\/www.urfabugun.com\/index.php\/wp-json\/wp\/v2\/posts"}],"about":[{"href":"https:\/\/www.urfabugun.com\/index.php\/wp-json\/wp\/v2\/types\/post"}],"author":[{"embeddable":true,"href":"https:\/\/www.urfabugun.com\/index.php\/wp-json\/wp\/v2\/users\/2"}],"replies":[{"embeddable":true,"href":"https:\/\/www.urfabugun.com\/index.php\/wp-json\/wp\/v2\/comments?post=17021"}],"version-history":[{"count":0,"href":"https:\/\/www.urfabugun.com\/index.php\/wp-json\/wp\/v2\/posts\/17021\/revisions"}],"wp:featuredmedia":[{"embeddable":true,"href":"https:\/\/www.urfabugun.com\/index.php\/wp-json\/wp\/v2\/media\/17023"}],"wp:attachment":[{"href":"https:\/\/www.urfabugun.com\/index.php\/wp-json\/wp\/v2\/media?parent=17021"}],"wp:term":[{"taxonomy":"category","embeddable":true,"href":"https:\/\/www.urfabugun.com\/index.php\/wp-json\/wp\/v2\/categories?post=17021"},{"taxonomy":"post_tag","embeddable":true,"href":"https:\/\/www.urfabugun.com\/index.php\/wp-json\/wp\/v2\/tags?post=17021"},{"taxonomy":"manset","embeddable":true,"href":"https:\/\/www.urfabugun.com\/index.php\/wp-json\/wp\/v2\/manset?post=17021"}],"curies":[{"name":"wp","href":"https:\/\/api.w.org\/{rel}","templated":true}]}}