{"id":17029,"date":"2024-09-18T11:11:27","date_gmt":"2024-09-18T08:11:27","guid":{"rendered":"https:\/\/www.urfabugun.com\/?p=17029"},"modified":"2024-09-18T11:11:34","modified_gmt":"2024-09-18T08:11:34","slug":"gozler-merkez-bankasinin-faiz-kararinda","status":"publish","type":"post","link":"https:\/\/www.urfabugun.com\/index.php\/2024\/09\/18\/gozler-merkez-bankasinin-faiz-kararinda\/","title":{"rendered":"G\u00f6zler Merkez Bankas\u0131&#8217;n\u0131n Faiz Karar\u0131nda!"},"content":{"rendered":"\n<p><\/p>\n\n\n\n<p><strong>Merkez Bankas\u0131 Para Politikas\u0131 Kurulu, y\u0131l\u0131n dokuzuncu faiz karar\u0131 i\u00e7in yar\u0131n toplanacak. Banka, 5 ayd\u0131r politika faizini y\u00fczde 50 seviyesinde sabit b\u0131rak\u0131yor.<\/strong><\/p>\n\n\n\n<p>Merkez Bankas\u0131 Para Politikas\u0131 Kurulu, Merkez Bankas\u0131 Ba\u015fkan\u0131 Fatih Karahan ba\u015fkanl\u0131\u011f\u0131nda toplanacak. Y\u0131l\u0131n dokuzuncu faiz karar\u0131 saat 14.00\u2019te a\u00e7\u0131klanacak.<\/p>\n\n\n\n<p>Merkez Bankas\u0131 Politika faizini en son mart ay\u0131nda y\u00fczde 50&#8217;ye \u00e7\u0131kard\u0131. Ard\u0131ndan 5 ay sabit b\u0131rakt\u0131.<\/p>\n\n\n\n<p>Ekonomist Volkan D\u00fckkanc\u0131k, bu ay da Merkez Bankans\u0131&#8217;n\u0131n faizi sabit tutaca\u011f\u0131n\u0131 d\u00fc\u015f\u00fcnd\u00fc\u011f\u00fcn\u00fc s\u00f6yleyerek, &#8220;Piyasan\u0131n \u00f6nemli bir \u00e7o\u011funlu\u011fu da bu noktada bir g\u00f6r\u00fc\u015f birli\u011finde&#8221; dedi.<\/p>\n\n\n\n<p>&#8220;S\u0131k\u0131 duru\u015fun meyvelerini toplamaya ba\u015fl\u0131yoruz&#8221;<\/p>\n\n\n\n<p>Uzmanlar al\u0131nan kararlar\u0131n etkisinin g\u00f6r\u00fclmeye ba\u015flad\u0131\u011f\u0131 g\u00f6r\u00fc\u015f\u00fcnde. D\u00fckkanc\u0131k da de\u011ferlendirmesini \u015fu s\u00f6zlerle aktar\u0131yor:<\/p>\n\n\n\n<p>&#8220;Yava\u015f yava\u015f bu s\u0131k\u0131 duru\u015fun meyvelerini toplamaya ba\u015fl\u0131yoruz. \u00c7ok \u00f6nemli seviyelere geldik. \u00d6nemli ad\u0131mlar at\u0131ld\u0131. Bunlar\u0131n kar\u015f\u0131l\u0131\u011f\u0131n\u0131 g\u00f6rmek i\u00e7in bir iki ay daha Merkez Bankas\u0131&#8217;n\u0131n mevcudunu koruyaca\u011f\u0131n\u0131 tahmin ediyorum.&#8221;<\/p>\n\n\n\n<p>Peki, karar metninde hangi mesajlar\u0131n yer almas\u0131 bekleniyor?<\/p>\n\n\n\n<p>Ekonomist D\u00fckkanc\u0131k, &#8220;S\u0131k\u0131 duru\u015fu kararl\u0131l\u0131kla s\u00fcrd\u00fcrecekleri mesaj\u0131n\u0131n gelece\u011fini, esas de\u011fi\u015fikli\u011fin ekim toplant\u0131s\u0131nda gelece\u011fini d\u00fc\u015f\u00fcn\u00fcyorum&#8221; ifadelerini kulland\u0131.<\/p>\n","protected":false},"excerpt":{"rendered":"<p>Merkez Bankas\u0131 Para Politikas\u0131 Kurulu, y\u0131l\u0131n dokuzuncu faiz karar\u0131 i\u00e7in yar\u0131n toplanacak. Banka, 5 ayd\u0131r politika&#46;&#46;&#46;<\/p>\n","protected":false},"author":2,"featured_media":17031,"comment_status":"open","ping_status":"open","sticky":false,"template":"","format":"standard","meta":{"inline_featured_image":false,"footnotes":""},"categories":[80],"tags":[4799,131,107],"manset":[],"class_list":["post-17029","post","type-post","status-publish","format-standard","has-post-thumbnail","hentry","category-ekonomi-haberleri","tag-gozler-merkez-bankasinin-faiz-kararinda","tag-son-dakika","tag-ub"],"_links":{"self":[{"href":"https:\/\/www.urfabugun.com\/index.php\/wp-json\/wp\/v2\/posts\/17029","targetHints":{"allow":["GET"]}}],"collection":[{"href":"https:\/\/www.urfabugun.com\/index.php\/wp-json\/wp\/v2\/posts"}],"about":[{"href":"https:\/\/www.urfabugun.com\/index.php\/wp-json\/wp\/v2\/types\/post"}],"author":[{"embeddable":true,"href":"https:\/\/www.urfabugun.com\/index.php\/wp-json\/wp\/v2\/users\/2"}],"replies":[{"embeddable":true,"href":"https:\/\/www.urfabugun.com\/index.php\/wp-json\/wp\/v2\/comments?post=17029"}],"version-history":[{"count":0,"href":"https:\/\/www.urfabugun.com\/index.php\/wp-json\/wp\/v2\/posts\/17029\/revisions"}],"wp:featuredmedia":[{"embeddable":true,"href":"https:\/\/www.urfabugun.com\/index.php\/wp-json\/wp\/v2\/media\/17031"}],"wp:attachment":[{"href":"https:\/\/www.urfabugun.com\/index.php\/wp-json\/wp\/v2\/media?parent=17029"}],"wp:term":[{"taxonomy":"category","embeddable":true,"href":"https:\/\/www.urfabugun.com\/index.php\/wp-json\/wp\/v2\/categories?post=17029"},{"taxonomy":"post_tag","embeddable":true,"href":"https:\/\/www.urfabugun.com\/index.php\/wp-json\/wp\/v2\/tags?post=17029"},{"taxonomy":"manset","embeddable":true,"href":"https:\/\/www.urfabugun.com\/index.php\/wp-json\/wp\/v2\/manset?post=17029"}],"curies":[{"name":"wp","href":"https:\/\/api.w.org\/{rel}","templated":true}]}}