{"id":1704,"date":"2023-01-15T13:42:33","date_gmt":"2023-01-15T10:42:33","guid":{"rendered":"https:\/\/www.urfabugun.com\/?p=1704"},"modified":"2023-01-15T13:42:34","modified_gmt":"2023-01-15T10:42:34","slug":"vali-ayhandan-baskan-alkana-ziyaret","status":"publish","type":"post","link":"https:\/\/www.urfabugun.com\/index.php\/2023\/01\/15\/vali-ayhandan-baskan-alkana-ziyaret\/","title":{"rendered":"Vali Ayhan\u2019dan Ba\u015fkan Alkan\u2019a Ziyaret!"},"content":{"rendered":"\n<p><\/p>\n\n\n\n<p><strong>\u015eanl\u0131urfa Valisi Salih Ayhan Hafta sonu programlar\u0131 kapsam\u0131nda \u015eanl\u0131urfa \u015eof\u00f6rler Odas\u0131 Ba\u015fkan\u0131 \u0130mam Bak\u0131r Alkan&#8217;\u0131 makam\u0131nda ziyaret etti.<\/strong><\/p>\n\n\n\n<p>\u015eanl\u0131urfa \u015eof\u00f6rler ve Otomobilciler odas\u0131 Ba\u015fkan\u0131 \u0130mam Bak\u0131r Alkan A\u011f\u0131r vas\u0131talar Odas\u0131 \u015eanl\u0131urfa Oda Ba\u015fkan\u0131 Ahmet Alpak, \u015eanl\u0131urfa Valisi Salih Ayhan&#8217;\u0131 a\u011f\u0131rlad\u0131.<\/p>\n\n\n\n<figure class=\"wp-block-image size-full\"><img loading=\"lazy\" decoding=\"async\" width=\"640\" height=\"640\" src=\"https:\/\/www.urfabugun.com\/wp-content\/uploads\/2023\/01\/e33a0f14-ea5d-4b7b-8d90-6f3a9b62ebba.jpg\" alt=\"\" class=\"wp-image-1707\"\/><\/figure>\n\n\n\n<p>Vali Salih Ayhan Hafta sonu programlar\u0131 dolay\u0131s\u0131yla odalar ve y\u00f6netimleri ziyaret ederek \u00e7al\u0131\u015fmalar hakk\u0131nda bilgi isti\u015fareleri de bulunmak \u00fczere \u015eanl\u0131urfa \u015eof\u00f6rler ve otomobilciler odas\u0131 ba\u015fkan\u0131 \u0130mam Bak\u0131r Alkan&#8217;a ziyarete bulundu \u015eanl\u0131urfa Valisi Salih Ayhan Yapt\u0131\u011f\u0131 a\u00e7\u0131klamada; \u201c\u0130limizdeki mesleki odalar\u0131m\u0131zla isti\u015farelerde bulunarak hem\u015ferilerimizin en iyi \u015fekilde hizmet almas\u0131n\u0131 sa\u011fl\u0131yoruz. \u201cdedi.<\/p>\n\n\n\n<p>G\u00fcn\u00fcn an\u0131s\u0131nda T\u00fcrk Bayra\u011f\u0131 \u0130\u015flemeli bir plaket takdim eden Vali Ayhan&#8217;a \u015eof\u00f6rler ve otomobilciler odas\u0131 ba\u015fkan\u0131 \u0130mam Bak\u0131r Alkan, A\u011f\u0131r vas\u0131talar odas\u0131 ba\u015fkan\u0131 Ahmet Alpak ve t\u00fcm y\u00f6netimi \u015eanl\u0131urfa Valisi Salih Ayhan&#8217;\u0131 ziyaretlerinden dolay\u0131 te\u015fekk\u00fcr etti.<\/p>\n","protected":false},"excerpt":{"rendered":"<p>\u015eanl\u0131urfa Valisi Salih Ayhan Hafta sonu programlar\u0131 kapsam\u0131nda \u015eanl\u0131urfa \u015eof\u00f6rler Odas\u0131 Ba\u015fkan\u0131 \u0130mam Bak\u0131r Alkan&#8217;\u0131 makam\u0131nda&#46;&#46;&#46;<\/p>\n","protected":false},"author":2,"featured_media":1706,"comment_status":"open","ping_status":"open","sticky":false,"template":"","format":"standard","meta":{"inline_featured_image":false,"footnotes":""},"categories":[82],"tags":[107],"manset":[],"class_list":["post-1704","post","type-post","status-publish","format-standard","has-post-thumbnail","hentry","category-gundem-haberleri","tag-ub"],"_links":{"self":[{"href":"https:\/\/www.urfabugun.com\/index.php\/wp-json\/wp\/v2\/posts\/1704","targetHints":{"allow":["GET"]}}],"collection":[{"href":"https:\/\/www.urfabugun.com\/index.php\/wp-json\/wp\/v2\/posts"}],"about":[{"href":"https:\/\/www.urfabugun.com\/index.php\/wp-json\/wp\/v2\/types\/post"}],"author":[{"embeddable":true,"href":"https:\/\/www.urfabugun.com\/index.php\/wp-json\/wp\/v2\/users\/2"}],"replies":[{"embeddable":true,"href":"https:\/\/www.urfabugun.com\/index.php\/wp-json\/wp\/v2\/comments?post=1704"}],"version-history":[{"count":0,"href":"https:\/\/www.urfabugun.com\/index.php\/wp-json\/wp\/v2\/posts\/1704\/revisions"}],"wp:featuredmedia":[{"embeddable":true,"href":"https:\/\/www.urfabugun.com\/index.php\/wp-json\/wp\/v2\/media\/1706"}],"wp:attachment":[{"href":"https:\/\/www.urfabugun.com\/index.php\/wp-json\/wp\/v2\/media?parent=1704"}],"wp:term":[{"taxonomy":"category","embeddable":true,"href":"https:\/\/www.urfabugun.com\/index.php\/wp-json\/wp\/v2\/categories?post=1704"},{"taxonomy":"post_tag","embeddable":true,"href":"https:\/\/www.urfabugun.com\/index.php\/wp-json\/wp\/v2\/tags?post=1704"},{"taxonomy":"manset","embeddable":true,"href":"https:\/\/www.urfabugun.com\/index.php\/wp-json\/wp\/v2\/manset?post=1704"}],"curies":[{"name":"wp","href":"https:\/\/api.w.org\/{rel}","templated":true}]}}