{"id":17044,"date":"2024-09-18T18:01:11","date_gmt":"2024-09-18T15:01:11","guid":{"rendered":"https:\/\/www.urfabugun.com\/?p=17044"},"modified":"2024-09-18T18:01:18","modified_gmt":"2024-09-18T15:01:18","slug":"dev-derbinin-hakemi-belli-oldu","status":"publish","type":"post","link":"https:\/\/www.urfabugun.com\/index.php\/2024\/09\/18\/dev-derbinin-hakemi-belli-oldu\/","title":{"rendered":"Dev Derbinin Hakemi Belli Oldu!"},"content":{"rendered":"\n<p><\/p>\n\n\n\n<p><strong>21 Eyl\u00fcl Cumartesi g\u00fcn\u00fc oynanacak Fenerbah\u00e7e-Galatasaray derbisini hakem Atilla Karao\u011flan y\u00f6netecek.<\/strong><\/p>\n\n\n\n<p>Trendyol S\u00fcper Lig&#8217;in 6. haftas\u0131 dev bir ma\u00e7a sahne olacak. Fenerbah\u00e7e ile Galatasaray, \u00dclker Stadyumu \u015e\u00fckr\u00fc Sara\u00e7o\u011flu Spor Kompleksi&#8217;nde kozlar\u0131n\u0131 payla\u015facak.<\/p>\n\n\n\n<p>DEV DERB\u0130 AT\u0130LLA KARAO\u011eLAN&#8217;IN<br>Cumartesi g\u00fcn\u00fc oynanacak olan dev derbide d\u00fcd\u00fck \u00e7alacak olan hakem a\u00e7\u0131kland\u0131. TFF&#8217;den yap\u0131lan a\u00e7\u0131klamada Fenerbah\u00e7e- Galatasaray ma\u00e7\u0131n\u0131 Atilla Karao\u011flan&#8217;\u0131n y\u00f6netece\u011fi duyuruldu.<\/p>\n","protected":false},"excerpt":{"rendered":"<p>21 Eyl\u00fcl Cumartesi g\u00fcn\u00fc oynanacak Fenerbah\u00e7e-Galatasaray derbisini hakem Atilla Karao\u011flan y\u00f6netecek. Trendyol S\u00fcper Lig&#8217;in 6. haftas\u0131&#46;&#46;&#46;<\/p>\n","protected":false},"author":2,"featured_media":17046,"comment_status":"open","ping_status":"open","sticky":false,"template":"","format":"standard","meta":{"inline_featured_image":false,"footnotes":""},"categories":[88],"tags":[1670,131,107,93],"manset":[],"class_list":["post-17044","post","type-post","status-publish","format-standard","has-post-thumbnail","hentry","category-spor-haberleri","tag-derbi","tag-son-dakika","tag-ub","tag-ust"],"_links":{"self":[{"href":"https:\/\/www.urfabugun.com\/index.php\/wp-json\/wp\/v2\/posts\/17044","targetHints":{"allow":["GET"]}}],"collection":[{"href":"https:\/\/www.urfabugun.com\/index.php\/wp-json\/wp\/v2\/posts"}],"about":[{"href":"https:\/\/www.urfabugun.com\/index.php\/wp-json\/wp\/v2\/types\/post"}],"author":[{"embeddable":true,"href":"https:\/\/www.urfabugun.com\/index.php\/wp-json\/wp\/v2\/users\/2"}],"replies":[{"embeddable":true,"href":"https:\/\/www.urfabugun.com\/index.php\/wp-json\/wp\/v2\/comments?post=17044"}],"version-history":[{"count":0,"href":"https:\/\/www.urfabugun.com\/index.php\/wp-json\/wp\/v2\/posts\/17044\/revisions"}],"wp:featuredmedia":[{"embeddable":true,"href":"https:\/\/www.urfabugun.com\/index.php\/wp-json\/wp\/v2\/media\/17046"}],"wp:attachment":[{"href":"https:\/\/www.urfabugun.com\/index.php\/wp-json\/wp\/v2\/media?parent=17044"}],"wp:term":[{"taxonomy":"category","embeddable":true,"href":"https:\/\/www.urfabugun.com\/index.php\/wp-json\/wp\/v2\/categories?post=17044"},{"taxonomy":"post_tag","embeddable":true,"href":"https:\/\/www.urfabugun.com\/index.php\/wp-json\/wp\/v2\/tags?post=17044"},{"taxonomy":"manset","embeddable":true,"href":"https:\/\/www.urfabugun.com\/index.php\/wp-json\/wp\/v2\/manset?post=17044"}],"curies":[{"name":"wp","href":"https:\/\/api.w.org\/{rel}","templated":true}]}}