{"id":17048,"date":"2024-09-18T19:38:46","date_gmt":"2024-09-18T16:38:46","guid":{"rendered":"https:\/\/www.urfabugun.com\/?p=17048"},"modified":"2024-09-18T19:38:52","modified_gmt":"2024-09-18T16:38:52","slug":"eyyubiyede-bircok-mahallede-su-kesintisi-yasanacak","status":"publish","type":"post","link":"https:\/\/www.urfabugun.com\/index.php\/2024\/09\/18\/eyyubiyede-bircok-mahallede-su-kesintisi-yasanacak\/","title":{"rendered":"Eyy\u00fcbiye&#8217;de Bir\u00e7ok Mahallede Su Kesintisi Ya\u015fanacak!"},"content":{"rendered":"\n<p><\/p>\n\n\n\n<p><strong>\u015eanl\u0131urfa\u2019n\u0131n Eyy\u00fcbiye il\u00e7esinde bir\u00e7ok mahallede i\u00e7me suyu ba\u011flant\u0131 \u00e7al\u0131\u015fmalar\u0131 nedeniyle su kesintisi ya\u015fanacak.<\/strong><\/p>\n\n\n\n<p>\u015eanl\u0131urfa Su ve Kanalizasyon \u0130daresi Genel M\u00fcd\u00fcrl\u00fc\u011f\u00fc ( \u015eUSK\u0130) \u00f6nemli bir duyuru yay\u0131mlad\u0131. Yap\u0131lan duyuruda Akabe TOK\u0130 deprem konutlar\u0131na i\u00e7me suyu sa\u011flama i\u015fi kapsam\u0131nda DS\u0130 taraf\u0131ndan Evren sanayi su deposunda \u00e7al\u0131\u015fma yap\u0131lacak.<\/p>\n\n\n\n<p>\u015eanl\u0131urfa&#8217;da yar\u0131n (19.09.2024) Akabe TOK\u0130 deprem konutlar\u0131na i\u00e7me suyu sa\u011flama i\u015fi kapsam\u0131nda DS\u0130 taraf\u0131ndan Evren sanayi su deposunda yap\u0131lacak \u00e7al\u0131\u015fma sebebiyle bir\u00e7ok mahallede su kesintisi ya\u015fanacak.<\/p>\n\n\n\n<p>\u015eUSK\u0130 taraf\u0131ndan yap\u0131lan a\u00e7\u0131klamada \u015fu ifadelere yer verildi;<\/p>\n\n\n\n<p>\u201cAkabe TOK\u0130 deprem konutlar\u0131na i\u00e7me suyu sa\u011flama i\u015fi kapsam\u0131nda DS\u0130 taraf\u0131ndan Evren sanayi su deposunda yap\u0131lacak \u00e7al\u0131\u015fma sebebiyle 18 Eyl\u00fcl \u00c7ar\u015famba g\u00fcn\u00fc saat 23.00 ile 19 Eyl\u00fcl Per\u015fembe g\u00fcn\u00fc saat 02.00 aras\u0131 Bat\u0131kent Toki, Kad\u0131kendi mahalleleri, Evren sanayii sitesi, Mobilyac\u0131lar sitesi, G\u0131dac\u0131lar sitesi, Galericiler sitesi ve Organize Sanayii B\u00f6lgesinde su kesintisi ya\u015fanacakt\u0131r.\u201d<\/p>\n","protected":false},"excerpt":{"rendered":"<p>\u015eanl\u0131urfa\u2019n\u0131n Eyy\u00fcbiye il\u00e7esinde bir\u00e7ok mahallede i\u00e7me suyu ba\u011flant\u0131 \u00e7al\u0131\u015fmalar\u0131 nedeniyle su kesintisi ya\u015fanacak. \u015eanl\u0131urfa Su ve&#46;&#46;&#46;<\/p>\n","protected":false},"author":2,"featured_media":10493,"comment_status":"open","ping_status":"open","sticky":false,"template":"","format":"standard","meta":{"inline_featured_image":false,"footnotes":""},"categories":[82],"tags":[131,1784,107],"manset":[],"class_list":["post-17048","post","type-post","status-publish","format-standard","has-post-thumbnail","hentry","category-gundem-haberleri","tag-son-dakika","tag-su-kesintisi","tag-ub"],"_links":{"self":[{"href":"https:\/\/www.urfabugun.com\/index.php\/wp-json\/wp\/v2\/posts\/17048","targetHints":{"allow":["GET"]}}],"collection":[{"href":"https:\/\/www.urfabugun.com\/index.php\/wp-json\/wp\/v2\/posts"}],"about":[{"href":"https:\/\/www.urfabugun.com\/index.php\/wp-json\/wp\/v2\/types\/post"}],"author":[{"embeddable":true,"href":"https:\/\/www.urfabugun.com\/index.php\/wp-json\/wp\/v2\/users\/2"}],"replies":[{"embeddable":true,"href":"https:\/\/www.urfabugun.com\/index.php\/wp-json\/wp\/v2\/comments?post=17048"}],"version-history":[{"count":0,"href":"https:\/\/www.urfabugun.com\/index.php\/wp-json\/wp\/v2\/posts\/17048\/revisions"}],"wp:featuredmedia":[{"embeddable":true,"href":"https:\/\/www.urfabugun.com\/index.php\/wp-json\/wp\/v2\/media\/10493"}],"wp:attachment":[{"href":"https:\/\/www.urfabugun.com\/index.php\/wp-json\/wp\/v2\/media?parent=17048"}],"wp:term":[{"taxonomy":"category","embeddable":true,"href":"https:\/\/www.urfabugun.com\/index.php\/wp-json\/wp\/v2\/categories?post=17048"},{"taxonomy":"post_tag","embeddable":true,"href":"https:\/\/www.urfabugun.com\/index.php\/wp-json\/wp\/v2\/tags?post=17048"},{"taxonomy":"manset","embeddable":true,"href":"https:\/\/www.urfabugun.com\/index.php\/wp-json\/wp\/v2\/manset?post=17048"}],"curies":[{"name":"wp","href":"https:\/\/api.w.org\/{rel}","templated":true}]}}