{"id":17197,"date":"2024-10-05T17:02:00","date_gmt":"2024-10-05T14:02:00","guid":{"rendered":"https:\/\/www.urfabugun.com\/?p=17197"},"modified":"2024-10-05T17:02:37","modified_gmt":"2024-10-05T14:02:37","slug":"17197","status":"publish","type":"post","link":"https:\/\/www.urfabugun.com\/index.php\/2024\/10\/05\/17197\/","title":{"rendered":"2 Kad\u0131n\u0131 Katleden Semih \u00c7elik&#8217;in Videosu Ortaya \u00c7\u0131kt\u0131!"},"content":{"rendered":"\n<p><\/p>\n\n\n\n<p><strong>\u0130stanbul&#8217;da yar\u0131m saat arayla iki gen\u00e7 k\u0131z\u0131 katleden Semih \u00c7elik isimli caninin ge\u00e7ti\u011fimiz y\u0131l \u00e7ekti\u011fi video ortaya \u00e7\u0131kt\u0131.<\/strong><\/p>\n\n\n\n<p>Korku filmini and\u0131ran videoda \u00c7elik, &#8220;Bu hayattan giderken can almak istiyorum ve bu insan\u0131n sen olmas\u0131 daha de\u011ferli&#8221; ifadelerine yer veriyor.<\/p>\n\n\n\n<figure class=\"wp-block-video\"><video height=\"1280\" style=\"aspect-ratio: 720 \/ 1280;\" width=\"720\" controls src=\"https:\/\/www.urfabugun.com\/wp-content\/uploads\/2024\/10\/SaveClip.App_B2449AD7A5720BDDB34588DE7F0A77AC_video_dashinit.mp4\"><\/video><\/figure>\n","protected":false},"excerpt":{"rendered":"<p>\u0130stanbul&#8217;da yar\u0131m saat arayla iki gen\u00e7 k\u0131z\u0131 katleden Semih \u00c7elik isimli caninin ge\u00e7ti\u011fimiz y\u0131l \u00e7ekti\u011fi video&#46;&#46;&#46;<\/p>\n","protected":false},"author":2,"featured_media":17199,"comment_status":"open","ping_status":"open","sticky":false,"template":"","format":"standard","meta":{"inline_featured_image":false,"footnotes":""},"categories":[75],"tags":[4811,4809,131,4810,107],"manset":[],"class_list":["post-17197","post","type-post","status-publish","format-standard","has-post-thumbnail","hentry","category-asayis-haberleri","tag-hukuk","tag-semih-celik","tag-son-dakika","tag-suc-2","tag-ub"],"_links":{"self":[{"href":"https:\/\/www.urfabugun.com\/index.php\/wp-json\/wp\/v2\/posts\/17197","targetHints":{"allow":["GET"]}}],"collection":[{"href":"https:\/\/www.urfabugun.com\/index.php\/wp-json\/wp\/v2\/posts"}],"about":[{"href":"https:\/\/www.urfabugun.com\/index.php\/wp-json\/wp\/v2\/types\/post"}],"author":[{"embeddable":true,"href":"https:\/\/www.urfabugun.com\/index.php\/wp-json\/wp\/v2\/users\/2"}],"replies":[{"embeddable":true,"href":"https:\/\/www.urfabugun.com\/index.php\/wp-json\/wp\/v2\/comments?post=17197"}],"version-history":[{"count":0,"href":"https:\/\/www.urfabugun.com\/index.php\/wp-json\/wp\/v2\/posts\/17197\/revisions"}],"wp:featuredmedia":[{"embeddable":true,"href":"https:\/\/www.urfabugun.com\/index.php\/wp-json\/wp\/v2\/media\/17199"}],"wp:attachment":[{"href":"https:\/\/www.urfabugun.com\/index.php\/wp-json\/wp\/v2\/media?parent=17197"}],"wp:term":[{"taxonomy":"category","embeddable":true,"href":"https:\/\/www.urfabugun.com\/index.php\/wp-json\/wp\/v2\/categories?post=17197"},{"taxonomy":"post_tag","embeddable":true,"href":"https:\/\/www.urfabugun.com\/index.php\/wp-json\/wp\/v2\/tags?post=17197"},{"taxonomy":"manset","embeddable":true,"href":"https:\/\/www.urfabugun.com\/index.php\/wp-json\/wp\/v2\/manset?post=17197"}],"curies":[{"name":"wp","href":"https:\/\/api.w.org\/{rel}","templated":true}]}}