{"id":1721,"date":"2023-01-15T16:22:21","date_gmt":"2023-01-15T13:22:21","guid":{"rendered":"https:\/\/www.urfabugun.com\/?p=1721"},"modified":"2023-01-15T16:22:32","modified_gmt":"2023-01-15T13:22:32","slug":"kucuk-yasta-buyuk-isler-hayat-ogrendikce-guzel","status":"publish","type":"post","link":"https:\/\/www.urfabugun.com\/index.php\/2023\/01\/15\/kucuk-yasta-buyuk-isler-hayat-ogrendikce-guzel\/","title":{"rendered":"K\u00fc\u00e7\u00fck Ya\u015fta B\u00fcy\u00fck \u0130\u015fler:\u2019\u2019 Hayat \u00d6\u011frendik\u00e7e G\u00fczel&#8221;"},"content":{"rendered":"\n<p><\/p>\n\n\n\n<p><strong>\u015eanl\u0131urfa\u2019n\u0131n Haliliye il\u00e7esine ba\u011fl\u0131 Prof. Abd\u00fclkdir Karahan \u0130lkokulu \u00f6\u011frencileri al\u0131\u015fveri\u015f merkezinde d\u00fczenlenen etkinlikte farkl\u0131 konularda haz\u0131rlam\u0131\u015f olduklar\u0131 sunumlar payla\u015ft\u0131.<\/strong><\/p>\n\n\n\n<p>\u015eanl\u0131urfa\u2019n\u0131n Haliliye il\u00e7esine ba\u011fl\u0131 Prof. Abd\u00fclkdir Karahan \u0130lkokulu 2\/\u0130 s\u0131n\u0131f\u0131 \u00f6\u011frencileri Piazza AVM&#8217; de keyifli bir etkinlik d\u00fczenledi.<\/p>\n\n\n\n<p>Etkinlikte \u00f6\u011frenciler \u00f6nce farkl\u0131 konularda haz\u0131rlad\u0131klar\u0131 sunumlar\u0131 gelen misafirlerle payla\u015ft\u0131. Farkl\u0131 materyallerle anlat\u0131mlar\u0131n\u0131 zenginle\u015ftiren \u00f6\u011frenciler daha sonra e\u011flenceli bir oyun at\u00f6lyesi ger\u00e7ekle\u015ftirdiler. Etkinli\u011fin finalinde bilgi yar\u0131\u015fmas\u0131 ile genel k\u00fclt\u00fcrlerini s\u0131nayan \u00f6\u011frenciler d\u00f6rt saatlik keyifli bir etkinlikle Piazza AVM&#8217; ye renk katt\u0131lar.<\/p>\n\n\n\n<p><\/p>\n\n\n\n<figure class=\"wp-block-image size-large\"><img loading=\"lazy\" decoding=\"async\" width=\"1024\" height=\"768\" src=\"https:\/\/www.urfabugun.com\/wp-content\/uploads\/2023\/01\/6e331757-f45c-4c21-92ab-26bead55d9fc-1024x768.jpg\" alt=\"\" class=\"wp-image-1724\"\/><\/figure>\n\n\n\n<p>Konu ile ilgili a\u00e7\u0131klama yapan Prof. Abd\u00fclkdir Karahan \u0130lkokulu okul M\u00fcd\u00fcr\u00fc Ahmet Taylan yapt\u0131\u011f\u0131 a\u00e7\u0131klamada \u015fu ifadelere yer verdi;\u2019\u2019 &#8221; \u00d6\u011frencilerimiz e\u011fitimin, \u00f6\u011fretimin mekan\u0131n\u0131n olmad\u0131\u011f\u0131n\u0131, her zaman her yerde \u00f6\u011frenme s\u00fcrecinin var olaca\u011f\u0131n\u0131 bu etkinlikle g\u00f6stermeye \u00e7al\u0131\u015ft\u0131k. \u00d6\u011frencilerimiz sorumluluk alarak konular\u0131n\u0131 haz\u0131rland\u0131lar ve renkli bir aunumla payla\u015ft\u0131lar. Bu payla\u015f\u0131m onlar\u0131n sosyal ve duygusal olarak geli\u015fimine b\u00fcy\u00fck bir fayda getirecektir. &nbsp;Bu etkinlikte eme\u011fi ge\u00e7en \u00f6\u011frencilerimizi, velilerimizi ve \u00f6\u011fretmenimiz Halil Ko\u00e7ako\u011flu&#8217; nu tebrik ediyorum. Okul olarak bundan b\u00f6yle bu tarz etkinliklere devam edece\u011fimizi s\u00f6yl\u00fcyorum\u2019\u2019 Dedi.<\/p>\n","protected":false},"excerpt":{"rendered":"<p>\u015eanl\u0131urfa\u2019n\u0131n Haliliye il\u00e7esine ba\u011fl\u0131 Prof. Abd\u00fclkdir Karahan \u0130lkokulu \u00f6\u011frencileri al\u0131\u015fveri\u015f merkezinde d\u00fczenlenen etkinlikte farkl\u0131 konularda haz\u0131rlam\u0131\u015f&#46;&#46;&#46;<\/p>\n","protected":false},"author":2,"featured_media":1725,"comment_status":"open","ping_status":"open","sticky":false,"template":"","format":"standard","meta":{"inline_featured_image":false,"footnotes":""},"categories":[92],"tags":[107],"manset":[],"class_list":["post-1721","post","type-post","status-publish","format-standard","has-post-thumbnail","hentry","category-yasam-haberleri","tag-ub"],"_links":{"self":[{"href":"https:\/\/www.urfabugun.com\/index.php\/wp-json\/wp\/v2\/posts\/1721","targetHints":{"allow":["GET"]}}],"collection":[{"href":"https:\/\/www.urfabugun.com\/index.php\/wp-json\/wp\/v2\/posts"}],"about":[{"href":"https:\/\/www.urfabugun.com\/index.php\/wp-json\/wp\/v2\/types\/post"}],"author":[{"embeddable":true,"href":"https:\/\/www.urfabugun.com\/index.php\/wp-json\/wp\/v2\/users\/2"}],"replies":[{"embeddable":true,"href":"https:\/\/www.urfabugun.com\/index.php\/wp-json\/wp\/v2\/comments?post=1721"}],"version-history":[{"count":0,"href":"https:\/\/www.urfabugun.com\/index.php\/wp-json\/wp\/v2\/posts\/1721\/revisions"}],"wp:featuredmedia":[{"embeddable":true,"href":"https:\/\/www.urfabugun.com\/index.php\/wp-json\/wp\/v2\/media\/1725"}],"wp:attachment":[{"href":"https:\/\/www.urfabugun.com\/index.php\/wp-json\/wp\/v2\/media?parent=1721"}],"wp:term":[{"taxonomy":"category","embeddable":true,"href":"https:\/\/www.urfabugun.com\/index.php\/wp-json\/wp\/v2\/categories?post=1721"},{"taxonomy":"post_tag","embeddable":true,"href":"https:\/\/www.urfabugun.com\/index.php\/wp-json\/wp\/v2\/tags?post=1721"},{"taxonomy":"manset","embeddable":true,"href":"https:\/\/www.urfabugun.com\/index.php\/wp-json\/wp\/v2\/manset?post=1721"}],"curies":[{"name":"wp","href":"https:\/\/api.w.org\/{rel}","templated":true}]}}