{"id":17213,"date":"2024-10-07T10:37:09","date_gmt":"2024-10-07T07:37:09","guid":{"rendered":"https:\/\/www.urfabugun.com\/?p=17213"},"modified":"2024-10-07T10:37:16","modified_gmt":"2024-10-07T07:37:16","slug":"siverekte-kamyon-ile-otomobil-carpisti-6-yarali","status":"publish","type":"post","link":"https:\/\/www.urfabugun.com\/index.php\/2024\/10\/07\/siverekte-kamyon-ile-otomobil-carpisti-6-yarali\/","title":{"rendered":"Siverek\u2019te Kamyon ile Otomobil \u00c7arp\u0131\u015ft\u0131, 6 Yaral\u0131!"},"content":{"rendered":"\n<p><\/p>\n\n\n\n<p><strong>\u015eanl\u0131urfa\u2019n\u0131n Siverek il\u00e7esinde kamyon ile otomobil \u00e7arp\u0131\u015ft\u0131. Meydana gelen kazada 6 ki\u015fi yaraland\u0131.<\/strong><\/p>\n\n\n\n<p>Kaza, \u015eanl\u0131urfa\u2019n\u0131n Siverek il\u00e7esi Ayvanat Mahallesi Prof. Dr. Kamil Turan Bulvar\u0131&#8217;nda meydana geldi.<\/p>\n\n\n\n<p>\u0130ddiaya g\u00f6re, B.K.&#8217;\u00fcn y\u00f6netimindeki 38 ACM 979 plakal\u0131 otomobil, R.K. idaresindeki i 05 ADB 506 plakal\u0131 kamyonla \u00e7arp\u0131\u015ft\u0131.<\/p>\n\n\n\n<p>Meydana gelen kazada 6 ki\u015fi yaraland\u0131.<\/p>\n\n\n\n<p>Kazan\u0131n ihbar\u0131 \u00fczerine olay yerine itfaiye, polis ve Acil Sa\u011fl\u0131k ekibi sevk edildi.<\/p>\n\n\n\n<p>Ara\u00e7tan \u00e7\u0131kar\u0131lan yaral\u0131lar olay yerinde yap\u0131lan ilk m\u00fcdahalenin ard\u0131ndan ambulanslarla Siverek Devlet Hastanesine kald\u0131r\u0131ld\u0131.<\/p>\n\n\n\n<p>Yaral\u0131lar sa\u011fl\u0131k durumlar\u0131n\u0131n iyi oldu\u011fu \u00f6\u011frenildi.<\/p>\n\n\n\n<p>Kazaya ili\u015fkin soru\u015fturma ba\u015flat\u0131ld\u0131.<\/p>\n","protected":false},"excerpt":{"rendered":"<p>\u015eanl\u0131urfa\u2019n\u0131n Siverek il\u00e7esinde kamyon ile otomobil \u00e7arp\u0131\u015ft\u0131. Meydana gelen kazada 6 ki\u015fi yaraland\u0131. Kaza, \u015eanl\u0131urfa\u2019n\u0131n Siverek&#46;&#46;&#46;<\/p>\n","protected":false},"author":2,"featured_media":11495,"comment_status":"open","ping_status":"open","sticky":false,"template":"","format":"standard","meta":{"inline_featured_image":false,"footnotes":""},"categories":[75],"tags":[184,131,107],"manset":[],"class_list":["post-17213","post","type-post","status-publish","format-standard","has-post-thumbnail","hentry","category-asayis-haberleri","tag-asayis","tag-son-dakika","tag-ub"],"_links":{"self":[{"href":"https:\/\/www.urfabugun.com\/index.php\/wp-json\/wp\/v2\/posts\/17213","targetHints":{"allow":["GET"]}}],"collection":[{"href":"https:\/\/www.urfabugun.com\/index.php\/wp-json\/wp\/v2\/posts"}],"about":[{"href":"https:\/\/www.urfabugun.com\/index.php\/wp-json\/wp\/v2\/types\/post"}],"author":[{"embeddable":true,"href":"https:\/\/www.urfabugun.com\/index.php\/wp-json\/wp\/v2\/users\/2"}],"replies":[{"embeddable":true,"href":"https:\/\/www.urfabugun.com\/index.php\/wp-json\/wp\/v2\/comments?post=17213"}],"version-history":[{"count":0,"href":"https:\/\/www.urfabugun.com\/index.php\/wp-json\/wp\/v2\/posts\/17213\/revisions"}],"wp:featuredmedia":[{"embeddable":true,"href":"https:\/\/www.urfabugun.com\/index.php\/wp-json\/wp\/v2\/media\/11495"}],"wp:attachment":[{"href":"https:\/\/www.urfabugun.com\/index.php\/wp-json\/wp\/v2\/media?parent=17213"}],"wp:term":[{"taxonomy":"category","embeddable":true,"href":"https:\/\/www.urfabugun.com\/index.php\/wp-json\/wp\/v2\/categories?post=17213"},{"taxonomy":"post_tag","embeddable":true,"href":"https:\/\/www.urfabugun.com\/index.php\/wp-json\/wp\/v2\/tags?post=17213"},{"taxonomy":"manset","embeddable":true,"href":"https:\/\/www.urfabugun.com\/index.php\/wp-json\/wp\/v2\/manset?post=17213"}],"curies":[{"name":"wp","href":"https:\/\/api.w.org\/{rel}","templated":true}]}}