{"id":17237,"date":"2024-10-15T09:42:40","date_gmt":"2024-10-15T06:42:40","guid":{"rendered":"https:\/\/www.urfabugun.com\/?p=17237"},"modified":"2024-10-15T09:42:47","modified_gmt":"2024-10-15T06:42:47","slug":"siverekte-arac-sarampole-devrildi-olu-ve-yaralilar-var","status":"publish","type":"post","link":"https:\/\/www.urfabugun.com\/index.php\/2024\/10\/15\/siverekte-arac-sarampole-devrildi-olu-ve-yaralilar-var\/","title":{"rendered":"Siverek\u2019te Ara\u00e7 \u015earampole Devrildi: \u00d6l\u00fc ve Yaral\u0131lar Var!"},"content":{"rendered":"\n<p><\/p>\n\n\n\n<p><strong>\u015eanl\u0131urfa\u2019n\u0131n Siverek il\u00e7esinde kontrolden \u00e7\u0131kan hafif ticari ara\u00e7 \u015farampole devrildi.<\/strong><\/p>\n\n\n\n<p>Kaza, Siverek-Diyarbak\u0131r kara yolunun 10. kilometresinde meydana geldi.<\/p>\n\n\n\n<p>\u0130ddiaya g\u00f6re, Hasan \u015e. (55) y\u00f6netimindeki 46 BG 657 plakal\u0131 hafif ticari ara\u00e7 Yuvar Mahallesi yak\u0131nlar\u0131nda s\u00fcr\u00fcs\u00fcn\u00fcn direksiyon hakimiyetini kaybetmesi sonucu \u015farampole devrildi.<\/p>\n\n\n\n<p>Ters duran ara\u00e7taki yolcu Mahmut Ko\u00e7ak(57) olay yerinde hayat\u0131n\u0131 kaybetti. S\u00fcr\u00fcc\u00fc de yaraland\u0131.<\/p>\n\n\n\n<p>Kazan\u0131n ihbar\u0131 \u00fczerine olay yerine jandarma ve Acil Sa\u011fl\u0131k ekibi sevk edildi.<\/p>\n\n\n\n<p>Yaralanan bir ki\u015fi ise 112 Acil Sa\u011fl\u0131k ekiplerince Siverek Devlet Hastanesine kald\u0131r\u0131ld\u0131.<\/p>\n\n\n\n<p>Kazada hayat\u0131n\u0131 kaybeden Mahmut Ko\u00e7ak\u2019\u0131n cans\u0131z bedeni Siverek Devlet Hastanesi morguna kald\u0131r\u0131ld\u0131.<\/p>\n\n\n\n<p>Kazayla ilgili soru\u015fturma ba\u015flat\u0131ld\u0131.<\/p>\n","protected":false},"excerpt":{"rendered":"<p>\u015eanl\u0131urfa\u2019n\u0131n Siverek il\u00e7esinde kontrolden \u00e7\u0131kan hafif ticari ara\u00e7 \u015farampole devrildi. Kaza, Siverek-Diyarbak\u0131r kara yolunun 10. kilometresinde&#46;&#46;&#46;<\/p>\n","protected":false},"author":2,"featured_media":17239,"comment_status":"open","ping_status":"open","sticky":false,"template":"","format":"standard","meta":{"inline_featured_image":false,"footnotes":""},"categories":[75],"tags":[184,118,131,107],"manset":[],"class_list":["post-17237","post","type-post","status-publish","format-standard","has-post-thumbnail","hentry","category-asayis-haberleri","tag-asayis","tag-sanliurfa","tag-son-dakika","tag-ub"],"_links":{"self":[{"href":"https:\/\/www.urfabugun.com\/index.php\/wp-json\/wp\/v2\/posts\/17237","targetHints":{"allow":["GET"]}}],"collection":[{"href":"https:\/\/www.urfabugun.com\/index.php\/wp-json\/wp\/v2\/posts"}],"about":[{"href":"https:\/\/www.urfabugun.com\/index.php\/wp-json\/wp\/v2\/types\/post"}],"author":[{"embeddable":true,"href":"https:\/\/www.urfabugun.com\/index.php\/wp-json\/wp\/v2\/users\/2"}],"replies":[{"embeddable":true,"href":"https:\/\/www.urfabugun.com\/index.php\/wp-json\/wp\/v2\/comments?post=17237"}],"version-history":[{"count":0,"href":"https:\/\/www.urfabugun.com\/index.php\/wp-json\/wp\/v2\/posts\/17237\/revisions"}],"wp:featuredmedia":[{"embeddable":true,"href":"https:\/\/www.urfabugun.com\/index.php\/wp-json\/wp\/v2\/media\/17239"}],"wp:attachment":[{"href":"https:\/\/www.urfabugun.com\/index.php\/wp-json\/wp\/v2\/media?parent=17237"}],"wp:term":[{"taxonomy":"category","embeddable":true,"href":"https:\/\/www.urfabugun.com\/index.php\/wp-json\/wp\/v2\/categories?post=17237"},{"taxonomy":"post_tag","embeddable":true,"href":"https:\/\/www.urfabugun.com\/index.php\/wp-json\/wp\/v2\/tags?post=17237"},{"taxonomy":"manset","embeddable":true,"href":"https:\/\/www.urfabugun.com\/index.php\/wp-json\/wp\/v2\/manset?post=17237"}],"curies":[{"name":"wp","href":"https:\/\/api.w.org\/{rel}","templated":true}]}}